{"id":1009,"date":"2021-06-24T09:02:40","date_gmt":"2021-06-24T07:02:40","guid":{"rendered":"http:\/\/grupodeenlace.cescyl.es\/?p=1009"},"modified":"2021-06-30T11:28:31","modified_gmt":"2021-06-30T09:28:31","slug":"subvenciones-para-contratacion-para-la-formacion-y-el-aprendizaje-contratos-en-practicas-y-la-contratacion-de-personas-beneficiarias-de-renta-garantizada-de-ciudadania-o-personas-de-55-anos-o-mas-de","status":"publish","type":"post","link":"https:\/\/grupodeenlace.cescyl.es\/?p=1009","title":{"rendered":"Subvenciones para contrataci\u00f3n para la formaci\u00f3n y el aprendizaje, contratos en pr\u00e1cticas, y la contrataci\u00f3n de personas beneficiarias de Renta Garantizada de Ciudadan\u00eda o personas de 55 a\u00f1os o m\u00e1s de edad."},"content":{"rendered":"\n<p><\/p>\n\n\n\n<p>Subvenciones dirigidas al fomento de la formalizaci\u00f3n de contratos para la formaci\u00f3n y el aprendizaje, los contratos en pr\u00e1cticas, y la contrataci\u00f3n temporal de personas beneficiarias de la Renta Garantizada de Ciudadan\u00eda u otra prestaci\u00f3n de naturaleza an\u00e1loga, o de personas de 55 o m\u00e1s a\u00f1os de edad, en la Comunidad de Castilla y Le\u00f3n.<\/p>\n\n\n\n<p><\/p>\n\n\n\n<ul class=\"wp-block-list\"><li><strong>Extracto de la Resoluci\u00f3n de 18 de junio de 2021, del Servicio P\u00fablico de Empleo de Castilla y Le\u00f3n:<\/strong><\/li><\/ul>\n\n\n\n<p><a href=\"https:\/\/bocyl.jcyl.es\/html\/2021\/06\/23\/html\/BOCYL-D-23062021-7.do\">https:\/\/bocyl.jcyl.es\/html\/2021\/06\/23\/html\/BOCYL-D-23062021-7.do<\/a><\/p>\n\n\n\n<p><\/p>\n\n\n\n<ul class=\"wp-block-list\"><li><strong>Tramitaci\u00f3n electr\u00f3nica:<\/strong><\/li><\/ul>\n\n\n\n<p><a href=\"https:\/\/www.tramitacastillayleon.jcyl.es\/web\/jcyl\/AdministracionElectronica\/es\/Plantilla100Detalle\/1251181050732\/Ayuda012\/1285069601917\/Propuesta?utm_source=alertascontenidos&amp;utm_medium=mail&amp;utm_campaign=Ayuda\">https:\/\/www.tramitacastillayleon.jcyl.es\/web\/jcyl\/AdministracionElectronica\/es\/Plantilla100Detalle\/1251181050732\/Ayuda012\/1285069601917\/Propuesta?utm_source=alertascontenidos&amp;utm_medium=mail&amp;utm_campaign=Ayuda<\/a><\/p>\n","protected":false},"excerpt":{"rendered":"<p>Subvenciones dirigidas al fomento de la formalizaci\u00f3n de contratos para la formaci\u00f3n y el aprendizaje, los contratos en pr\u00e1cticas, y la contrataci\u00f3n temporal de personas beneficiarias de la Renta Garantizada de Ciudadan\u00eda u otra prestaci\u00f3n de naturaleza an\u00e1loga, o de personas de 55 o m\u00e1s a\u00f1os de edad, en la Comunidad de Castilla y Le\u00f3n. &hellip; <a href=\"https:\/\/grupodeenlace.cescyl.es\/?p=1009\" class=\"more-link\">Continuar leyendo<span class=\"screen-reader-text\"> &#8220;Subvenciones para contrataci\u00f3n para la formaci\u00f3n y el aprendizaje, contratos en pr\u00e1cticas, y la contrataci\u00f3n de personas beneficiarias de Renta Garantizada de Ciudadan\u00eda o personas de 55 a\u00f1os o m\u00e1s de edad.&#8221;<\/span><\/a><\/p>\n","protected":false},"author":2,"featured_media":0,"comment_status":"open","ping_status":"open","sticky":false,"template":"","format":"standard","meta":{"_s2mail":"","footnotes":""},"categories":[2],"tags":[],"class_list":["post-1009","post","type-post","status-publish","format-standard","hentry","category-normativa"],"_links":{"self":[{"href":"https:\/\/grupodeenlace.cescyl.es\/index.php?rest_route=\/wp\/v2\/posts\/1009","targetHints":{"allow":["GET"]}}],"collection":[{"href":"https:\/\/grupodeenlace.cescyl.es\/index.php?rest_route=\/wp\/v2\/posts"}],"about":[{"href":"https:\/\/grupodeenlace.cescyl.es\/index.php?rest_route=\/wp\/v2\/types\/post"}],"author":[{"embeddable":true,"href":"https:\/\/grupodeenlace.cescyl.es\/index.php?rest_route=\/wp\/v2\/users\/2"}],"replies":[{"embeddable":true,"href":"https:\/\/grupodeenlace.cescyl.es\/index.php?rest_route=%2Fwp%2Fv2%2Fcomments&post=1009"}],"version-history":[{"count":1,"href":"https:\/\/grupodeenlace.cescyl.es\/index.php?rest_route=\/wp\/v2\/posts\/1009\/revisions"}],"predecessor-version":[{"id":1010,"href":"https:\/\/grupodeenlace.cescyl.es\/index.php?rest_route=\/wp\/v2\/posts\/1009\/revisions\/1010"}],"wp:attachment":[{"href":"https:\/\/grupodeenlace.cescyl.es\/index.php?rest_route=%2Fwp%2Fv2%2Fmedia&parent=1009"}],"wp:term":[{"taxonomy":"category","embeddable":true,"href":"https:\/\/grupodeenlace.cescyl.es\/index.php?rest_route=%2Fwp%2Fv2%2Fcategories&post=1009"},{"taxonomy":"post_tag","embeddable":true,"href":"https:\/\/grupodeenlace.cescyl.es\/index.php?rest_route=%2Fwp%2Fv2%2Ftags&post=1009"}],"curies":[{"name":"wp","href":"https:\/\/api.w.org\/{rel}","templated":true}]}}