{"id":1025,"date":"2021-07-06T09:13:16","date_gmt":"2021-07-06T07:13:16","guid":{"rendered":"http:\/\/grupodeenlace.cescyl.es\/?p=1025"},"modified":"2021-07-06T09:55:47","modified_gmt":"2021-07-06T07:55:47","slug":"foro-sobre-reformas-laborales-y-de-la-seguridad-social-para-la-recuperacion-economica-y-social","status":"publish","type":"post","link":"https:\/\/grupodeenlace.cescyl.es\/?p=1025","title":{"rendered":"Foro sobre \u201cReformas laborales y de la Seguridad Social para la recuperaci\u00f3n econ\u00f3mica y social\u201d"},"content":{"rendered":"\n<figure class=\"wp-block-image size-large is-resized\"><img loading=\"lazy\" decoding=\"async\" src=\"https:\/\/grupodeenlace.cescyl.es\/wp-content\/uploads\/2021\/07\/image-3.png\" alt=\"\" class=\"wp-image-1026\" width=\"567\" height=\"542\" srcset=\"https:\/\/grupodeenlace.cescyl.es\/wp-content\/uploads\/2021\/07\/image-3.png 402w, https:\/\/grupodeenlace.cescyl.es\/wp-content\/uploads\/2021\/07\/image-3-300x287.png 300w\" sizes=\"auto, (max-width: 567px) 85vw, 567px\" \/><\/figure>\n\n\n\n<p><\/p>\n\n\n\n<p>El pr\u00f3ximo jueves, 8 de julio, tendr\u00e1 lugar el primer Foro CESCYL-AEDTSS sobre \u201cReformas laborales y de la Seguridad Social para la recuperaci\u00f3n econ\u00f3mica y social\u201d en el marco del protocolo suscrito entre el CES de Castilla y Le\u00f3n y la Asociaci\u00f3n Espa\u00f1ola de Derecho del Trabajo y de la Seguridad Social.<\/p>\n\n\n\n<p>Enlace directo: <a href=\"https:\/\/us02web.zoom.us\/j\/87904731617?pwd=bG9JSGJFLyt5dkFrczE2T1R6L3ZBQT09\">https:\/\/us02web.zoom.us\/j\/87904731617?pwd=bG9JSGJFLyt5dkFrczE2T1R6L3ZBQT09<\/a><\/p>\n\n\n\n<p><\/p>\n\n\n\n<figure class=\"wp-block-image size-large is-resized\"><img loading=\"lazy\" decoding=\"async\" src=\"https:\/\/grupodeenlace.cescyl.es\/wp-content\/uploads\/2021\/07\/image-4.png\" alt=\"\" class=\"wp-image-1027\" width=\"636\" height=\"725\" srcset=\"https:\/\/grupodeenlace.cescyl.es\/wp-content\/uploads\/2021\/07\/image-4.png 457w, https:\/\/grupodeenlace.cescyl.es\/wp-content\/uploads\/2021\/07\/image-4-263x300.png 263w\" sizes=\"auto, (max-width: 709px) 85vw, (max-width: 909px) 67vw, (max-width: 984px) 61vw, (max-width: 1362px) 45vw, 600px\" \/><\/figure>\n","protected":false},"excerpt":{"rendered":"<p>El pr\u00f3ximo jueves, 8 de julio, tendr\u00e1 lugar el primer Foro CESCYL-AEDTSS sobre \u201cReformas laborales y de la Seguridad Social para la recuperaci\u00f3n econ\u00f3mica y social\u201d en el marco del protocolo suscrito entre el CES de Castilla y Le\u00f3n y la Asociaci\u00f3n Espa\u00f1ola de Derecho del Trabajo y de la Seguridad Social. Enlace directo: https:\/\/us02web.zoom.us\/j\/87904731617?pwd=bG9JSGJFLyt5dkFrczE2T1R6L3ZBQT09<\/p>\n","protected":false},"author":2,"featured_media":0,"comment_status":"open","ping_status":"open","sticky":false,"template":"","format":"standard","meta":{"_s2mail":"","footnotes":""},"categories":[3],"tags":[],"class_list":["post-1025","post","type-post","status-publish","format-standard","hentry","category-informacion-y-publicaciones-ces"],"_links":{"self":[{"href":"https:\/\/grupodeenlace.cescyl.es\/index.php?rest_route=\/wp\/v2\/posts\/1025","targetHints":{"allow":["GET"]}}],"collection":[{"href":"https:\/\/grupodeenlace.cescyl.es\/index.php?rest_route=\/wp\/v2\/posts"}],"about":[{"href":"https:\/\/grupodeenlace.cescyl.es\/index.php?rest_route=\/wp\/v2\/types\/post"}],"author":[{"embeddable":true,"href":"https:\/\/grupodeenlace.cescyl.es\/index.php?rest_route=\/wp\/v2\/users\/2"}],"replies":[{"embeddable":true,"href":"https:\/\/grupodeenlace.cescyl.es\/index.php?rest_route=%2Fwp%2Fv2%2Fcomments&post=1025"}],"version-history":[{"count":1,"href":"https:\/\/grupodeenlace.cescyl.es\/index.php?rest_route=\/wp\/v2\/posts\/1025\/revisions"}],"predecessor-version":[{"id":1028,"href":"https:\/\/grupodeenlace.cescyl.es\/index.php?rest_route=\/wp\/v2\/posts\/1025\/revisions\/1028"}],"wp:attachment":[{"href":"https:\/\/grupodeenlace.cescyl.es\/index.php?rest_route=%2Fwp%2Fv2%2Fmedia&parent=1025"}],"wp:term":[{"taxonomy":"category","embeddable":true,"href":"https:\/\/grupodeenlace.cescyl.es\/index.php?rest_route=%2Fwp%2Fv2%2Fcategories&post=1025"},{"taxonomy":"post_tag","embeddable":true,"href":"https:\/\/grupodeenlace.cescyl.es\/index.php?rest_route=%2Fwp%2Fv2%2Ftags&post=1025"}],"curies":[{"name":"wp","href":"https:\/\/api.w.org\/{rel}","templated":true}]}}