{"id":1068,"date":"2021-09-03T09:30:39","date_gmt":"2021-09-03T07:30:39","guid":{"rendered":"http:\/\/grupodeenlace.cescyl.es\/?p=1068"},"modified":"2021-09-03T09:34:39","modified_gmt":"2021-09-03T07:34:39","slug":"documento-de-evaluacion-del-impacto-de-la-pandemia-de-la-covid-19-en-espana-y-europa-eapn-es","status":"publish","type":"post","link":"https:\/\/grupodeenlace.cescyl.es\/?p=1068","title":{"rendered":"Documento de evaluaci\u00f3n del impacto de la pandemia de la COVID-19 en Espa\u00f1a y Europa (EAPN-ES)"},"content":{"rendered":"\n<p><\/p>\n\n\n\n<p>La Red Europea de Lucha contra la Pobreza y la Exclusi\u00f3n Social en el Estado Espa\u00f1ol (EAPN-ES) realiza una evaluaci\u00f3n sobre la situaci\u00f3n europea y estatal en el marco de pol\u00edticas caracterizada por la situaci\u00f3n de la pandemia de COVID-19 y analiza las medidas puestas en marcha en Espa\u00f1a.<\/p>\n\n\n\n<p><\/p>\n\n\n\n<p><a href=\"https:\/\/www.eapn.es\/publicaciones\/442\/documento-de-evaluacion-del-impacto-de-la-pandemia-de-la-covid-19-en-espana-y-europa-analisis-de-las-medidas-puestas-en-marcha-en-espana\">https:\/\/www.eapn.es\/publicaciones\/442\/documento-de-evaluacion-del-impacto-de-la-pandemia-de-la-covid-19-en-espana-y-europa-analisis-de-las-medidas-puestas-en-marcha-en-espana<\/a><\/p>\n\n\n\n<figure class=\"wp-block-image size-full is-resized\"><img loading=\"lazy\" decoding=\"async\" src=\"https:\/\/grupodeenlace.cescyl.es\/wp-content\/uploads\/2021\/09\/image.png\" alt=\"\" class=\"wp-image-1069\" width=\"589\" height=\"865\" srcset=\"https:\/\/grupodeenlace.cescyl.es\/wp-content\/uploads\/2021\/09\/image.png 433w, https:\/\/grupodeenlace.cescyl.es\/wp-content\/uploads\/2021\/09\/image-204x300.png 204w\" sizes=\"auto, (max-width: 589px) 85vw, 589px\" \/><\/figure>\n","protected":false},"excerpt":{"rendered":"<p>La Red Europea de Lucha contra la Pobreza y la Exclusi\u00f3n Social en el Estado Espa\u00f1ol (EAPN-ES) realiza una evaluaci\u00f3n sobre la situaci\u00f3n europea y estatal en el marco de pol\u00edticas caracterizada por la situaci\u00f3n de la pandemia de COVID-19 y analiza las medidas puestas en marcha en Espa\u00f1a. https:\/\/www.eapn.es\/publicaciones\/442\/documento-de-evaluacion-del-impacto-de-la-pandemia-de-la-covid-19-en-espana-y-europa-analisis-de-las-medidas-puestas-en-marcha-en-espana<\/p>\n","protected":false},"author":2,"featured_media":0,"comment_status":"open","ping_status":"open","sticky":false,"template":"","format":"standard","meta":{"_s2mail":"","footnotes":""},"categories":[4],"tags":[],"class_list":["post-1068","post","type-post","status-publish","format-standard","hentry","category-informes-y-documentos"],"_links":{"self":[{"href":"https:\/\/grupodeenlace.cescyl.es\/index.php?rest_route=\/wp\/v2\/posts\/1068","targetHints":{"allow":["GET"]}}],"collection":[{"href":"https:\/\/grupodeenlace.cescyl.es\/index.php?rest_route=\/wp\/v2\/posts"}],"about":[{"href":"https:\/\/grupodeenlace.cescyl.es\/index.php?rest_route=\/wp\/v2\/types\/post"}],"author":[{"embeddable":true,"href":"https:\/\/grupodeenlace.cescyl.es\/index.php?rest_route=\/wp\/v2\/users\/2"}],"replies":[{"embeddable":true,"href":"https:\/\/grupodeenlace.cescyl.es\/index.php?rest_route=%2Fwp%2Fv2%2Fcomments&post=1068"}],"version-history":[{"count":1,"href":"https:\/\/grupodeenlace.cescyl.es\/index.php?rest_route=\/wp\/v2\/posts\/1068\/revisions"}],"predecessor-version":[{"id":1070,"href":"https:\/\/grupodeenlace.cescyl.es\/index.php?rest_route=\/wp\/v2\/posts\/1068\/revisions\/1070"}],"wp:attachment":[{"href":"https:\/\/grupodeenlace.cescyl.es\/index.php?rest_route=%2Fwp%2Fv2%2Fmedia&parent=1068"}],"wp:term":[{"taxonomy":"category","embeddable":true,"href":"https:\/\/grupodeenlace.cescyl.es\/index.php?rest_route=%2Fwp%2Fv2%2Fcategories&post=1068"},{"taxonomy":"post_tag","embeddable":true,"href":"https:\/\/grupodeenlace.cescyl.es\/index.php?rest_route=%2Fwp%2Fv2%2Ftags&post=1068"}],"curies":[{"name":"wp","href":"https:\/\/api.w.org\/{rel}","templated":true}]}}