{"id":107,"date":"2020-03-09T06:55:50","date_gmt":"2020-03-09T06:55:50","guid":{"rendered":"http:\/\/grupodeenlace.cescyl.es\/?p=107"},"modified":"2020-07-23T06:58:36","modified_gmt":"2020-07-23T06:58:36","slug":"subvenciones-a-empresas-de-insercion-laboral-para-el-personal-de-acompanamiento-2020","status":"publish","type":"post","link":"https:\/\/grupodeenlace.cescyl.es\/?p=107","title":{"rendered":"Subvenciones a empresas de inserci\u00f3n laboral para el personal de acompa\u00f1amiento (2020)"},"content":{"rendered":"\n<p>Subvenciones dirigidas a financiar los costes laborales y de seguridad social derivados del personal de acompa\u00f1amiento de las empresas de inserci\u00f3n laboral calificadas en el Registro de Empresas de Inserci\u00f3n Laboral de la Comunidad de Castilla y Le\u00f3n para el a\u00f1o 2020.<br>EXTRACTO de la Orden de 27 de febrero de 2020, de la Consejer\u00eda de Empleo e Industria,<br><\/p>\n\n\n\n<p><a href=\"http:\/\/bocyl.jcyl.es\/html\/2020\/03\/09\/html\/BOCYL-D-09032020-2.do\" target=\"_blank\" rel=\"noreferrer noopener\">http:\/\/bocyl.jcyl.es\/html\/2020\/03\/09\/html\/BOCYL-D-09032020-2.do<\/a><br><\/p>\n\n\n\n<p>Tramitaci\u00f3n electr\u00f3nica:<br><a href=\"https:\/\/www.tramitacastillayleon.jcyl.es\/web\/jcyl\/AdministracionElectronica\/es\/Plantilla100Detalle\/1251181050732\/Ayuda012\/1284937979001\/Propuesta\">https:\/\/www.tramitacastillayleon.jcyl.es\/web\/jcyl\/AdministracionElectronica\/es\/Plantilla100Detalle\/1251181050732\/Ayuda012\/1284937979001\/Propuesta<\/a><br><\/p>\n\n\n\n<p><strong><span class=\"has-inline-color has-bright-red-color\">Plazo de presentaci\u00f3n de solicitudes: Hasta el 17 de agosto de 2020<\/span><\/strong><\/p>\n","protected":false},"excerpt":{"rendered":"<p>Subvenciones dirigidas a financiar los costes laborales y de seguridad social derivados del personal de acompa\u00f1amiento de las empresas de inserci\u00f3n laboral calificadas en el Registro de Empresas de Inserci\u00f3n Laboral de la Comunidad de Castilla y Le\u00f3n para el a\u00f1o 2020.EXTRACTO de la Orden de 27 de febrero de 2020, de la Consejer\u00eda de &hellip; <a href=\"https:\/\/grupodeenlace.cescyl.es\/?p=107\" class=\"more-link\">Continuar leyendo<span class=\"screen-reader-text\"> &#8220;Subvenciones a empresas de inserci\u00f3n laboral para el personal de acompa\u00f1amiento (2020)&#8221;<\/span><\/a><\/p>\n","protected":false},"author":2,"featured_media":0,"comment_status":"open","ping_status":"open","sticky":false,"template":"","format":"standard","meta":{"_s2mail":"","footnotes":""},"categories":[5],"tags":[],"class_list":["post-107","post","type-post","status-publish","format-standard","hentry","category-instrumentos-de-apoyo"],"_links":{"self":[{"href":"https:\/\/grupodeenlace.cescyl.es\/index.php?rest_route=\/wp\/v2\/posts\/107","targetHints":{"allow":["GET"]}}],"collection":[{"href":"https:\/\/grupodeenlace.cescyl.es\/index.php?rest_route=\/wp\/v2\/posts"}],"about":[{"href":"https:\/\/grupodeenlace.cescyl.es\/index.php?rest_route=\/wp\/v2\/types\/post"}],"author":[{"embeddable":true,"href":"https:\/\/grupodeenlace.cescyl.es\/index.php?rest_route=\/wp\/v2\/users\/2"}],"replies":[{"embeddable":true,"href":"https:\/\/grupodeenlace.cescyl.es\/index.php?rest_route=%2Fwp%2Fv2%2Fcomments&post=107"}],"version-history":[{"count":2,"href":"https:\/\/grupodeenlace.cescyl.es\/index.php?rest_route=\/wp\/v2\/posts\/107\/revisions"}],"predecessor-version":[{"id":109,"href":"https:\/\/grupodeenlace.cescyl.es\/index.php?rest_route=\/wp\/v2\/posts\/107\/revisions\/109"}],"wp:attachment":[{"href":"https:\/\/grupodeenlace.cescyl.es\/index.php?rest_route=%2Fwp%2Fv2%2Fmedia&parent=107"}],"wp:term":[{"taxonomy":"category","embeddable":true,"href":"https:\/\/grupodeenlace.cescyl.es\/index.php?rest_route=%2Fwp%2Fv2%2Fcategories&post=107"},{"taxonomy":"post_tag","embeddable":true,"href":"https:\/\/grupodeenlace.cescyl.es\/index.php?rest_route=%2Fwp%2Fv2%2Ftags&post=107"}],"curies":[{"name":"wp","href":"https:\/\/api.w.org\/{rel}","templated":true}]}}