{"id":1076,"date":"2021-09-09T09:15:34","date_gmt":"2021-09-09T07:15:34","guid":{"rendered":"http:\/\/grupodeenlace.cescyl.es\/?p=1076"},"modified":"2021-09-09T09:34:57","modified_gmt":"2021-09-09T07:34:57","slug":"estudio-para-conocer-las-necesidades-de-las-personas-mayores-en-los-municipios-de-campos-y-torozos","status":"publish","type":"post","link":"https:\/\/grupodeenlace.cescyl.es\/?p=1076","title":{"rendered":"Estudio para conocer las necesidades de las personas mayores en los municipios de Campos y Torozos"},"content":{"rendered":"\n<p>Desde el Grupo de Acci\u00f3n Local (GAL) \u2018Campos y Torozos &#8211; Asociaci\u00f3n Colectivo para el Desarrollo Rural de Tierra de Campos\u2019 se ha desarrollado , entre 2019 a 2021, \u2018CIVITAS: apoyo comunitario en Campos y Torozos\u2019, un proyecto de innovaci\u00f3n social para construir puentes que conectasen la atenci\u00f3n de las necesidades de las personas mayores del medio rural, con aquellas personas desempleadas del territorio que mostrasen inter\u00e9s laboral en el \u00e1mbito de la atenci\u00f3n sociosanitaria.<\/p>\n\n\n\n<p>Para complementar la realizaci\u00f3n de los encuentros presenciales en los diferentes municipios, entre noviembre de 2020 y mayo de 2021, desde el GAL se desarroll\u00f3 un proceso de investigaci\u00f3n para conocer las necesidades actuales de las personas mayores en los veintid\u00f3s municipios de \u2018Campos y Torozos\u2019, con el fin de detectar necesidades, encontrar soluciones y trasladar a las administraciones p\u00fablicas estrategias que contribuyan al cumplimiento de los Objetivos de Desarrollo Sostenible (ODS) de la Agenda del 2030 de Naciones Unidas.<\/p>\n\n\n\n<ul class=\"wp-block-list\"><li>M\u00e1s informaci\u00f3n: <a href=\"https:\/\/www.somostierradecampos.com\/2021\/09\/09\/la-despoblacion-en-campos-y-torozos-agudiza-las-problematicas-asociadas-al-envejecimiento\/\">https:\/\/www.somostierradecampos.com\/2021\/09\/09\/la-despoblacion-en-campos-y-torozos-agudiza-las-problematicas-asociadas-al-envejecimiento\/<\/a><\/li><li>Estudio:<a href=\"https:\/\/www.somostierradecampos.com\/wp-content\/uploads\/2021\/09\/Estudio-para-conocer-las-necesidades-de-las-personas-mayores-en-los-municipios-rurales-de-Campos-y-Torozos_compressed.pdf\">https:\/\/www.somostierradecampos.com\/wp-content\/uploads\/2021\/09\/Estudio-para-conocer-las-necesidades-de-las-personas-mayores-en-los-municipios-rurales-de-Campos-y-Torozos_compressed.pdf<\/a><\/li><\/ul>\n\n\n\n<figure class=\"wp-block-image size-full is-resized\"><img loading=\"lazy\" decoding=\"async\" src=\"https:\/\/grupodeenlace.cescyl.es\/wp-content\/uploads\/2021\/09\/image-3.png\" alt=\"\" class=\"wp-image-1077\" width=\"598\" height=\"819\" srcset=\"https:\/\/grupodeenlace.cescyl.es\/wp-content\/uploads\/2021\/09\/image-3.png 308w, https:\/\/grupodeenlace.cescyl.es\/wp-content\/uploads\/2021\/09\/image-3-219x300.png 219w\" sizes=\"auto, (max-width: 598px) 85vw, 598px\" \/><\/figure>\n","protected":false},"excerpt":{"rendered":"<p>Desde el Grupo de Acci\u00f3n Local (GAL) \u2018Campos y Torozos &#8211; Asociaci\u00f3n Colectivo para el Desarrollo Rural de Tierra de Campos\u2019 se ha desarrollado , entre 2019 a 2021, \u2018CIVITAS: apoyo comunitario en Campos y Torozos\u2019, un proyecto de innovaci\u00f3n social para construir puentes que conectasen la atenci\u00f3n de las necesidades de las personas mayores &hellip; <a href=\"https:\/\/grupodeenlace.cescyl.es\/?p=1076\" class=\"more-link\">Continuar leyendo<span class=\"screen-reader-text\"> &#8220;Estudio para conocer las necesidades de las personas mayores en los municipios de Campos y Torozos&#8221;<\/span><\/a><\/p>\n","protected":false},"author":2,"featured_media":0,"comment_status":"open","ping_status":"open","sticky":false,"template":"","format":"standard","meta":{"_s2mail":"","footnotes":""},"categories":[10],"tags":[],"class_list":["post-1076","post","type-post","status-publish","format-standard","hentry","category-noticias-de-los-miembros-del-grupo"],"_links":{"self":[{"href":"https:\/\/grupodeenlace.cescyl.es\/index.php?rest_route=\/wp\/v2\/posts\/1076","targetHints":{"allow":["GET"]}}],"collection":[{"href":"https:\/\/grupodeenlace.cescyl.es\/index.php?rest_route=\/wp\/v2\/posts"}],"about":[{"href":"https:\/\/grupodeenlace.cescyl.es\/index.php?rest_route=\/wp\/v2\/types\/post"}],"author":[{"embeddable":true,"href":"https:\/\/grupodeenlace.cescyl.es\/index.php?rest_route=\/wp\/v2\/users\/2"}],"replies":[{"embeddable":true,"href":"https:\/\/grupodeenlace.cescyl.es\/index.php?rest_route=%2Fwp%2Fv2%2Fcomments&post=1076"}],"version-history":[{"count":1,"href":"https:\/\/grupodeenlace.cescyl.es\/index.php?rest_route=\/wp\/v2\/posts\/1076\/revisions"}],"predecessor-version":[{"id":1078,"href":"https:\/\/grupodeenlace.cescyl.es\/index.php?rest_route=\/wp\/v2\/posts\/1076\/revisions\/1078"}],"wp:attachment":[{"href":"https:\/\/grupodeenlace.cescyl.es\/index.php?rest_route=%2Fwp%2Fv2%2Fmedia&parent=1076"}],"wp:term":[{"taxonomy":"category","embeddable":true,"href":"https:\/\/grupodeenlace.cescyl.es\/index.php?rest_route=%2Fwp%2Fv2%2Fcategories&post=1076"},{"taxonomy":"post_tag","embeddable":true,"href":"https:\/\/grupodeenlace.cescyl.es\/index.php?rest_route=%2Fwp%2Fv2%2Ftags&post=1076"}],"curies":[{"name":"wp","href":"https:\/\/api.w.org\/{rel}","templated":true}]}}