{"id":1122,"date":"2021-10-11T10:06:12","date_gmt":"2021-10-11T08:06:12","guid":{"rendered":"http:\/\/grupodeenlace.cescyl.es\/?p=1122"},"modified":"2021-10-11T10:13:26","modified_gmt":"2021-10-11T08:13:26","slug":"informe-previo-sobre-el-plan-de-mejora-de-la-calidad-del-aire-por-ozono-troposferico-en-castilla-y-leon","status":"publish","type":"post","link":"https:\/\/grupodeenlace.cescyl.es\/?p=1122","title":{"rendered":"Informe Previo sobre el Plan de mejora de la calidad del aire por ozono troposf\u00e9rico en Castilla y Le\u00f3n"},"content":{"rendered":"\n<p>En el Pleno del Consejo Econ\u00f3mico y Social de Castilla y Le\u00f3n de 30 de septiembre de 2021 se aprob\u00f3 el Informe Previo sobre el Plan de mejora de la calidad del aire por ozono troposf\u00e9rico en Castilla y Le\u00f3n.<\/p>\n\n\n\n<p><a href=\"https:\/\/www.cescyl.es\/es\/publicaciones\/informes-previos\/informe-previo-plan-mejora-calidad-aire-ozono-troposferico-\">https:\/\/www.cescyl.es\/es\/publicaciones\/informes-previos\/informe-previo-plan-mejora-calidad-aire-ozono-troposferico-<\/a><\/p>\n\n\n\n<figure class=\"wp-block-image size-full is-resized\"><img loading=\"lazy\" decoding=\"async\" src=\"https:\/\/grupodeenlace.cescyl.es\/wp-content\/uploads\/2021\/10\/image.png\" alt=\"\" class=\"wp-image-1123\" width=\"619\" height=\"845\" srcset=\"https:\/\/grupodeenlace.cescyl.es\/wp-content\/uploads\/2021\/10\/image.png 529w, https:\/\/grupodeenlace.cescyl.es\/wp-content\/uploads\/2021\/10\/image-220x300.png 220w\" sizes=\"auto, (max-width: 709px) 85vw, (max-width: 909px) 67vw, (max-width: 984px) 61vw, (max-width: 1362px) 45vw, 600px\" \/><\/figure>\n","protected":false},"excerpt":{"rendered":"<p>En el Pleno del Consejo Econ\u00f3mico y Social de Castilla y Le\u00f3n de 30 de septiembre de 2021 se aprob\u00f3 el Informe Previo sobre el Plan de mejora de la calidad del aire por ozono troposf\u00e9rico en Castilla y Le\u00f3n. https:\/\/www.cescyl.es\/es\/publicaciones\/informes-previos\/informe-previo-plan-mejora-calidad-aire-ozono-troposferico-<\/p>\n","protected":false},"author":2,"featured_media":0,"comment_status":"open","ping_status":"open","sticky":false,"template":"","format":"standard","meta":{"_s2mail":"","footnotes":""},"categories":[3],"tags":[],"class_list":["post-1122","post","type-post","status-publish","format-standard","hentry","category-informacion-y-publicaciones-ces"],"_links":{"self":[{"href":"https:\/\/grupodeenlace.cescyl.es\/index.php?rest_route=\/wp\/v2\/posts\/1122","targetHints":{"allow":["GET"]}}],"collection":[{"href":"https:\/\/grupodeenlace.cescyl.es\/index.php?rest_route=\/wp\/v2\/posts"}],"about":[{"href":"https:\/\/grupodeenlace.cescyl.es\/index.php?rest_route=\/wp\/v2\/types\/post"}],"author":[{"embeddable":true,"href":"https:\/\/grupodeenlace.cescyl.es\/index.php?rest_route=\/wp\/v2\/users\/2"}],"replies":[{"embeddable":true,"href":"https:\/\/grupodeenlace.cescyl.es\/index.php?rest_route=%2Fwp%2Fv2%2Fcomments&post=1122"}],"version-history":[{"count":1,"href":"https:\/\/grupodeenlace.cescyl.es\/index.php?rest_route=\/wp\/v2\/posts\/1122\/revisions"}],"predecessor-version":[{"id":1124,"href":"https:\/\/grupodeenlace.cescyl.es\/index.php?rest_route=\/wp\/v2\/posts\/1122\/revisions\/1124"}],"wp:attachment":[{"href":"https:\/\/grupodeenlace.cescyl.es\/index.php?rest_route=%2Fwp%2Fv2%2Fmedia&parent=1122"}],"wp:term":[{"taxonomy":"category","embeddable":true,"href":"https:\/\/grupodeenlace.cescyl.es\/index.php?rest_route=%2Fwp%2Fv2%2Fcategories&post=1122"},{"taxonomy":"post_tag","embeddable":true,"href":"https:\/\/grupodeenlace.cescyl.es\/index.php?rest_route=%2Fwp%2Fv2%2Ftags&post=1122"}],"curies":[{"name":"wp","href":"https:\/\/api.w.org\/{rel}","templated":true}]}}