{"id":1125,"date":"2021-10-11T10:10:44","date_gmt":"2021-10-11T08:10:44","guid":{"rendered":"http:\/\/grupodeenlace.cescyl.es\/?p=1125"},"modified":"2021-10-11T10:13:55","modified_gmt":"2021-10-11T08:13:55","slug":"informe-previo-sobre-el-anteproyecto-de-ley-de-medidas-tributarias-y-administrativas","status":"publish","type":"post","link":"https:\/\/grupodeenlace.cescyl.es\/?p=1125","title":{"rendered":"Informe Previo sobre el Anteproyecto de Ley de Medidas Tributarias y Administrativas"},"content":{"rendered":"\n<p>En la Comisi\u00f3n Permanente del Consejo Econ\u00f3mico y Social de Castilla y Le\u00f3n de 5 de octubre de 2021 se aprob\u00f3 el Informe Previo sobre el Anteproyecto de Ley de Medidas Tributarias y Administrativas.<\/p>\n\n\n\n<p><a href=\"https:\/\/www.cescyl.es\/es\/publicaciones\/informes-previos\/informe-previo-anteproyecto-ley-medidas-tributarias-ad-8a2b\">https:\/\/www.cescyl.es\/es\/publicaciones\/informes-previos\/informe-previo-anteproyecto-ley-medidas-tributarias-ad-8a2b<\/a><\/p>\n\n\n\n<figure class=\"wp-block-image size-full is-resized\"><img loading=\"lazy\" decoding=\"async\" src=\"https:\/\/grupodeenlace.cescyl.es\/wp-content\/uploads\/2021\/10\/image-1.png\" alt=\"\" class=\"wp-image-1127\" width=\"614\" height=\"823\" srcset=\"https:\/\/grupodeenlace.cescyl.es\/wp-content\/uploads\/2021\/10\/image-1.png 543w, https:\/\/grupodeenlace.cescyl.es\/wp-content\/uploads\/2021\/10\/image-1-224x300.png 224w\" sizes=\"auto, (max-width: 709px) 85vw, (max-width: 909px) 67vw, (max-width: 984px) 61vw, (max-width: 1362px) 45vw, 600px\" \/><\/figure>\n","protected":false},"excerpt":{"rendered":"<p>En la Comisi\u00f3n Permanente del Consejo Econ\u00f3mico y Social de Castilla y Le\u00f3n de 5 de octubre de 2021 se aprob\u00f3 el Informe Previo sobre el Anteproyecto de Ley de Medidas Tributarias y Administrativas. https:\/\/www.cescyl.es\/es\/publicaciones\/informes-previos\/informe-previo-anteproyecto-ley-medidas-tributarias-ad-8a2b<\/p>\n","protected":false},"author":2,"featured_media":0,"comment_status":"open","ping_status":"open","sticky":false,"template":"","format":"standard","meta":{"_s2mail":"","footnotes":""},"categories":[3],"tags":[],"class_list":["post-1125","post","type-post","status-publish","format-standard","hentry","category-informacion-y-publicaciones-ces"],"_links":{"self":[{"href":"https:\/\/grupodeenlace.cescyl.es\/index.php?rest_route=\/wp\/v2\/posts\/1125","targetHints":{"allow":["GET"]}}],"collection":[{"href":"https:\/\/grupodeenlace.cescyl.es\/index.php?rest_route=\/wp\/v2\/posts"}],"about":[{"href":"https:\/\/grupodeenlace.cescyl.es\/index.php?rest_route=\/wp\/v2\/types\/post"}],"author":[{"embeddable":true,"href":"https:\/\/grupodeenlace.cescyl.es\/index.php?rest_route=\/wp\/v2\/users\/2"}],"replies":[{"embeddable":true,"href":"https:\/\/grupodeenlace.cescyl.es\/index.php?rest_route=%2Fwp%2Fv2%2Fcomments&post=1125"}],"version-history":[{"count":1,"href":"https:\/\/grupodeenlace.cescyl.es\/index.php?rest_route=\/wp\/v2\/posts\/1125\/revisions"}],"predecessor-version":[{"id":1128,"href":"https:\/\/grupodeenlace.cescyl.es\/index.php?rest_route=\/wp\/v2\/posts\/1125\/revisions\/1128"}],"wp:attachment":[{"href":"https:\/\/grupodeenlace.cescyl.es\/index.php?rest_route=%2Fwp%2Fv2%2Fmedia&parent=1125"}],"wp:term":[{"taxonomy":"category","embeddable":true,"href":"https:\/\/grupodeenlace.cescyl.es\/index.php?rest_route=%2Fwp%2Fv2%2Fcategories&post=1125"},{"taxonomy":"post_tag","embeddable":true,"href":"https:\/\/grupodeenlace.cescyl.es\/index.php?rest_route=%2Fwp%2Fv2%2Ftags&post=1125"}],"curies":[{"name":"wp","href":"https:\/\/api.w.org\/{rel}","templated":true}]}}