{"id":1133,"date":"2021-10-14T09:38:53","date_gmt":"2021-10-14T07:38:53","guid":{"rendered":"http:\/\/grupodeenlace.cescyl.es\/?p=1133"},"modified":"2021-10-14T14:14:14","modified_gmt":"2021-10-14T12:14:14","slug":"ii-foro-social-del-grupo-de-enlace-del-ces-estrategias-de-recuperacion-pos-covid-para-la-cohesion-social","status":"publish","type":"post","link":"https:\/\/grupodeenlace.cescyl.es\/?p=1133","title":{"rendered":"II Foro Social del Grupo de Enlace del CES \u201cEstrategias de recuperaci\u00f3n pos-COVID para la cohesi\u00f3n social\u201d"},"content":{"rendered":"\n<p>El Consejo Econ\u00f3mico y Social de Castilla y Le\u00f3n convoc\u00f3 el II Foro Social del Grupo de Enlace del CES con el t\u00edtulo \u201cEstrategias de recuperaci\u00f3n pos-COVID para la cohesi\u00f3n social\u201d, que se celebr\u00f3&nbsp;<strong>el 8 de octubre de 2021 en la sede del CES<\/strong>.<\/p>\n\n\n\n<p>La&nbsp;<strong>inauguraci\u00f3n<\/strong>&nbsp;fue a cargo del presidente del CES,&nbsp;<strong>Enrique Cabero<\/strong>, y de la Consejera de Familia e Igualdad de Oportunidades de la Junta de Castilla y Le\u00f3n,&nbsp;<strong>Mar\u00eda Isabel Blanco<\/strong>.<\/p>\n\n\n\n<p>El II Foro Social se organiz\u00f3 en&nbsp;<strong>dos mesas<\/strong>, la primera sobre&nbsp;<strong>Empleo, vivienda y desarrollo rural&nbsp;<\/strong>y la segunda sobre<strong>&nbsp;Pobreza, inclusi\u00f3n e igualdad,&nbsp;<\/strong>en las que se presentaron las ponencias de las organizaciones del Grupo de Enlace que trabajan cada d\u00eda sobre estos temas.<\/p>\n\n\n\n<div class=\"wp-block-group\"><div class=\"wp-block-group__inner-container is-layout-flow wp-block-group-is-layout-flow\">\n<h2 class=\"wp-block-heading\"><strong><span class=\"has-inline-color has-bright-blue-color\">II FORO SOCIAL DEL GRUPO DE ENLACE<\/span><\/strong><br><strong><span class=\"has-inline-color has-bright-red-color\">Estrategias de recuperaci\u00f3n pos-COVID <\/span><\/strong><br><strong><span class=\"has-inline-color has-bright-red-color\">para la cohesi\u00f3n social<\/span><\/strong><\/h2>\n<\/div><\/div>\n\n\n\n<h2 class=\"wp-block-heading\"><u><span class=\"has-inline-color has-bright-blue-color\">Inauguraci\u00f3n<\/span><\/u><\/h2>\n\n\n\n<ul class=\"wp-block-list\"><li><strong>Enrique Cabero Mor\u00e1n<\/strong> [Presidente del CES de Castilla y Le\u00f3n]<\/li><li><strong>Mar\u00eda Isabel Blanco<\/strong> [Consejera de Familia e Igualdad de Oportunidades de la Junta de Castilla y Le\u00f3n]<\/li><\/ul>\n\n\n\n<figure class=\"wp-block-embed is-type-video is-provider-youtube wp-block-embed-youtube wp-embed-aspect-16-9 wp-has-aspect-ratio\"><div class=\"wp-block-embed__wrapper\"><iframe loading=\"lazy\" title=\"II Foro Social - Grupo de Enlace del CES - Inauguraci\u00f3n\" width=\"840\" height=\"473\" src=\"https:\/\/www.youtube.com\/embed\/sp4OBYu1ePk?feature=oembed\" frameborder=\"0\" allow=\"accelerometer; autoplay; clipboard-write; encrypted-media; gyroscope; picture-in-picture\" allowfullscreen=\"\"><\/iframe>\n<\/div><figcaption>Inauguraci\u00f3n<\/figcaption><\/figure>\n\n\n\n<p><\/p>\n\n\n\n<hr class=\"wp-block-separator\"\/>\n\n\n\n<h2 class=\"wp-block-heading\"><strong><u><span class=\"has-inline-color has-bright-blue-color\">MESA 1: Empleo, vivienda y desarrollo rural<\/span><\/u><\/strong><\/h2>\n\n\n\n<ul class=\"wp-block-list\"><li><strong><span class=\"has-inline-color has-bright-blue-color\">Empleo 4.0<\/span><\/strong><br><em><strong>Ismael P\u00e9rez Blanco<\/strong> [Delegado Territorial ONCE de Castilla y Le\u00f3n]<\/em><\/li><\/ul>\n\n\n\n<ul class=\"wp-block-list\"><li><strong><span class=\"has-inline-color has-bright-blue-color\">Las pol\u00edticas de vivienda como herramienta de lucha contra la pobreza<\/span><\/strong><br><strong>R<em>ebeca Madruga <\/em><\/strong><em>[Coordinadora de EAPN Castilla y Le\u00f3n]<\/em><\/li><\/ul>\n\n\n\n<ul class=\"wp-block-list\"><li><strong><span class=\"has-inline-color has-bright-blue-color\">Claves que el mundo rural atesora para generar modelos de sostenibilidad ante el cambio clim\u00e1tico<\/span><\/strong><br><em><strong>\u00c1ngel de Prado Herrera <\/strong>[Asociaci\u00f3n HUEBRA Iniciativas Rurales (Red de Desarrollo Rural de Castilla y Le\u00f3n)]<\/em><\/li><\/ul>\n\n\n\n<ul class=\"wp-block-list\"><li><strong><span class=\"has-inline-color has-bright-blue-color\">Coherencia entre las pol\u00edticas comunitarias 2021-2027. Desarrollo rural, cohesi\u00f3n territorial y lucha contra el despoblamiento<\/span><\/strong><br><em><strong>V\u00edctor Jol\u00edn Garijo <\/strong>[Coordinador PRINCAL Centro Europeo Direct Rural Castilla y Le\u00f3n]<\/em><\/li><\/ul>\n\n\n\n<figure class=\"wp-block-embed is-type-video is-provider-youtube wp-block-embed-youtube wp-embed-aspect-16-9 wp-has-aspect-ratio\"><div class=\"wp-block-embed__wrapper\"><iframe loading=\"lazy\" title=\"II Foro Social - Grupo de Enlace del CES - Mesa 1. Empleo, vivienda y desarrollo rural\" width=\"840\" height=\"473\" src=\"https:\/\/www.youtube.com\/embed\/YQ9adMxn_Tw?feature=oembed\" frameborder=\"0\" allow=\"accelerometer; autoplay; clipboard-write; encrypted-media; gyroscope; picture-in-picture\" allowfullscreen=\"\"><\/iframe>\n<\/div><figcaption>Mesa 1. Empleo, vivienda y desarrollo rural<\/figcaption><\/figure>\n\n\n\n<hr class=\"wp-block-separator\"\/>\n\n\n\n<h2 class=\"wp-block-heading\"><strong><u><span class=\"has-inline-color has-bright-blue-color\">MESA 2: Pobreza, inclusi\u00f3n e igualdad<\/span><\/u><\/strong><\/h2>\n\n\n\n<ul class=\"wp-block-list\"><li><strong><span class=\"has-inline-color has-bright-blue-color\">Oportunidades de la Reforma legislativa sobre la capacidad jur\u00eddica en el supuesto de personas con discapacidad intelectual<\/span><\/strong><br><em><strong>Ana Bel\u00e9n Sevillano P\u00e9rez<\/strong> [\u00c1rea jur\u00eddica. Plena Inclusi\u00f3n Castilla y Le\u00f3n]<\/em><\/li><\/ul>\n\n\n\n<ul class=\"wp-block-list\"><li><strong><span class=\"has-inline-color has-bright-blue-color\">Hacia una ley de debida diligencia en derechos humanos y medioambientales en Espa\u00f1a<\/span><\/strong><br><em><strong>Isabel Tamarit <\/strong>[Coordinadora T\u00e9cnica de la Plataforma de Empresas Responsables]<\/em><\/li><\/ul>\n\n\n\n<ul class=\"wp-block-list\"><li><strong><span class=\"has-inline-color has-bright-blue-color\">La defensa de la igualdad en tiempos de pandemia: Especial consideraci\u00f3n de la Violencia Econ\u00f3mica<\/span><\/strong><br><em><strong>Nieves Velasco Vicente<\/strong> [Asociaci\u00f3n de Ayuda a la Mujer \u201cPlaza Mayor\u201d y Federaci\u00f3n de Mujeres Progresistas de castilla y Le\u00f3n, Abogada de la Asociaci\u00f3n]<\/em><\/li><\/ul>\n\n\n\n<figure class=\"wp-block-embed is-type-video is-provider-youtube wp-block-embed-youtube wp-embed-aspect-16-9 wp-has-aspect-ratio\"><div class=\"wp-block-embed__wrapper\"><iframe loading=\"lazy\" title=\"II Foro Social - Grupo de Enlace del CES - Mesa 2. Pobreza, inclusi\u00f3n e igualdad\" width=\"840\" height=\"473\" src=\"https:\/\/www.youtube.com\/embed\/A7-Vum_BZ94?feature=oembed\" frameborder=\"0\" allow=\"accelerometer; autoplay; clipboard-write; encrypted-media; gyroscope; picture-in-picture\" allowfullscreen=\"\"><\/iframe>\n<\/div><figcaption>Mesa 2. Pobreza, inclusi\u00f3n e igualdad<\/figcaption><\/figure>\n\n\n\n<p><\/p>\n\n\n\n<hr class=\"wp-block-separator\"\/>\n\n\n\n<hr class=\"wp-block-separator\"\/>\n","protected":false},"excerpt":{"rendered":"<p>El Consejo Econ\u00f3mico y Social de Castilla y Le\u00f3n convoc\u00f3 el II Foro Social del Grupo de Enlace del CES con el t\u00edtulo \u201cEstrategias de recuperaci\u00f3n pos-COVID para la cohesi\u00f3n social\u201d, que se celebr\u00f3&nbsp;el 8 de octubre de 2021 en la sede del CES. La&nbsp;inauguraci\u00f3n&nbsp;fue a cargo del presidente del CES,&nbsp;Enrique Cabero, y de la &hellip; <a href=\"https:\/\/grupodeenlace.cescyl.es\/?p=1133\" class=\"more-link\">Continuar leyendo<span class=\"screen-reader-text\"> &#8220;II Foro Social del Grupo de Enlace del CES \u201cEstrategias de recuperaci\u00f3n pos-COVID para la cohesi\u00f3n social\u201d&#8221;<\/span><\/a><\/p>\n","protected":false},"author":2,"featured_media":0,"comment_status":"open","ping_status":"open","sticky":false,"template":"","format":"standard","meta":{"_s2mail":"yes","footnotes":""},"categories":[18,10],"tags":[],"class_list":["post-1133","post","type-post","status-publish","format-standard","hentry","category-ii-foro-social","category-noticias-de-los-miembros-del-grupo"],"_links":{"self":[{"href":"https:\/\/grupodeenlace.cescyl.es\/index.php?rest_route=\/wp\/v2\/posts\/1133","targetHints":{"allow":["GET"]}}],"collection":[{"href":"https:\/\/grupodeenlace.cescyl.es\/index.php?rest_route=\/wp\/v2\/posts"}],"about":[{"href":"https:\/\/grupodeenlace.cescyl.es\/index.php?rest_route=\/wp\/v2\/types\/post"}],"author":[{"embeddable":true,"href":"https:\/\/grupodeenlace.cescyl.es\/index.php?rest_route=\/wp\/v2\/users\/2"}],"replies":[{"embeddable":true,"href":"https:\/\/grupodeenlace.cescyl.es\/index.php?rest_route=%2Fwp%2Fv2%2Fcomments&post=1133"}],"version-history":[{"count":22,"href":"https:\/\/grupodeenlace.cescyl.es\/index.php?rest_route=\/wp\/v2\/posts\/1133\/revisions"}],"predecessor-version":[{"id":1165,"href":"https:\/\/grupodeenlace.cescyl.es\/index.php?rest_route=\/wp\/v2\/posts\/1133\/revisions\/1165"}],"wp:attachment":[{"href":"https:\/\/grupodeenlace.cescyl.es\/index.php?rest_route=%2Fwp%2Fv2%2Fmedia&parent=1133"}],"wp:term":[{"taxonomy":"category","embeddable":true,"href":"https:\/\/grupodeenlace.cescyl.es\/index.php?rest_route=%2Fwp%2Fv2%2Fcategories&post=1133"},{"taxonomy":"post_tag","embeddable":true,"href":"https:\/\/grupodeenlace.cescyl.es\/index.php?rest_route=%2Fwp%2Fv2%2Ftags&post=1133"}],"curies":[{"name":"wp","href":"https:\/\/api.w.org\/{rel}","templated":true}]}}