{"id":116,"date":"2020-05-19T07:04:46","date_gmt":"2020-05-19T07:04:46","guid":{"rendered":"http:\/\/grupodeenlace.cescyl.es\/?p=116"},"modified":"2020-07-23T07:06:18","modified_gmt":"2020-07-23T07:06:18","slug":"subvenciones-publicas-para-la-adquisicion-de-equipos-de-proteccion-individual-frente-a-riesgos-biologicos-y-la-asistencia-para-labores-de-desinfeccion-y-la-evaluacion-de-los-puestos-de-trabajo-que-pue","status":"publish","type":"post","link":"https:\/\/grupodeenlace.cescyl.es\/?p=116","title":{"rendered":"Subvenciones p\u00fablicas para la adquisici\u00f3n de equipos de protecci\u00f3n individual frente a riesgos biol\u00f3gicos y la asistencia para labores de desinfecci\u00f3n y la evaluaci\u00f3n de los puestos de trabajo que puedan ser poblaci\u00f3n de riesgo frente a la covid-19 (2020)"},"content":{"rendered":"\n<p>subvenciones p\u00fablicas dirigidas a la adquisici\u00f3n de equipos de protecci\u00f3n individual frente a riesgos biol\u00f3gicos, la asistencia externa para labores de desinfecci\u00f3n de los equipos, instalaciones, y personas, exclusivamente en respuesta a la situaci\u00f3n de contingencia y la asistencia de un servicio de prevenci\u00f3n ajeno para la evaluaci\u00f3n de los puestos de trabajo que puedan ser poblaci\u00f3n de riesgo frente a la COVID-19.<br><\/p>\n\n\n\n<p>EXTRACTO de la Orden de 15 de mayo de 2020, de la Consejer\u00eda de Empleo e Industria<br><a href=\"http:\/\/bocyl.jcyl.es\/html\/2020\/05\/19\/html\/BOCYL-D-19052020-2.do\">http:\/\/bocyl.jcyl.es\/html\/2020\/05\/19\/html\/BOCYL-D-19052020-2.do<\/a><br><\/p>\n\n\n\n<p>Tramitaci\u00f3n electr\u00f3nica:<br><a href=\"https:\/\/www.tramitacastillayleon.jcyl.es\/web\/jcyl\/AdministracionElectronica\/es\/Plantilla100Detalle\/1251181050732\/Ayuda012\/1284953671901\/Propuesta?utm_source=alertascontenidos&amp;utm_medium=mail&amp;utm_campaign=Ayuda\">https:\/\/www.tramitacastillayleon.jcyl.es\/web\/jcyl\/AdministracionElectronica\/es\/Plantilla100Detalle\/1251181050732\/Ayuda012\/1284953671901\/Propuesta?utm_source=alertascontenidos&amp;utm_medium=mail&amp;utm_campaign=Ayuda<\/a><br><\/p>\n\n\n\n<p><strong><span class=\"has-inline-color has-bright-red-color\">Plazo de presentaci\u00f3n de solicitudes: Hasta el 30 de septiembre de 2020.<\/span><\/strong><\/p>\n","protected":false},"excerpt":{"rendered":"<p>subvenciones p\u00fablicas dirigidas a la adquisici\u00f3n de equipos de protecci\u00f3n individual frente a riesgos biol\u00f3gicos, la asistencia externa para labores de desinfecci\u00f3n de los equipos, instalaciones, y personas, exclusivamente en respuesta a la situaci\u00f3n de contingencia y la asistencia de un servicio de prevenci\u00f3n ajeno para la evaluaci\u00f3n de los puestos de trabajo que puedan &hellip; <a href=\"https:\/\/grupodeenlace.cescyl.es\/?p=116\" class=\"more-link\">Continuar leyendo<span class=\"screen-reader-text\"> &#8220;Subvenciones p\u00fablicas para la adquisici\u00f3n de equipos de protecci\u00f3n individual frente a riesgos biol\u00f3gicos y la asistencia para labores de desinfecci\u00f3n y la evaluaci\u00f3n de los puestos de trabajo que puedan ser poblaci\u00f3n de riesgo frente a la covid-19 (2020)&#8221;<\/span><\/a><\/p>\n","protected":false},"author":2,"featured_media":0,"comment_status":"open","ping_status":"open","sticky":false,"template":"","format":"standard","meta":{"_s2mail":"","footnotes":""},"categories":[5],"tags":[],"class_list":["post-116","post","type-post","status-publish","format-standard","hentry","category-instrumentos-de-apoyo"],"_links":{"self":[{"href":"https:\/\/grupodeenlace.cescyl.es\/index.php?rest_route=\/wp\/v2\/posts\/116","targetHints":{"allow":["GET"]}}],"collection":[{"href":"https:\/\/grupodeenlace.cescyl.es\/index.php?rest_route=\/wp\/v2\/posts"}],"about":[{"href":"https:\/\/grupodeenlace.cescyl.es\/index.php?rest_route=\/wp\/v2\/types\/post"}],"author":[{"embeddable":true,"href":"https:\/\/grupodeenlace.cescyl.es\/index.php?rest_route=\/wp\/v2\/users\/2"}],"replies":[{"embeddable":true,"href":"https:\/\/grupodeenlace.cescyl.es\/index.php?rest_route=%2Fwp%2Fv2%2Fcomments&post=116"}],"version-history":[{"count":1,"href":"https:\/\/grupodeenlace.cescyl.es\/index.php?rest_route=\/wp\/v2\/posts\/116\/revisions"}],"predecessor-version":[{"id":117,"href":"https:\/\/grupodeenlace.cescyl.es\/index.php?rest_route=\/wp\/v2\/posts\/116\/revisions\/117"}],"wp:attachment":[{"href":"https:\/\/grupodeenlace.cescyl.es\/index.php?rest_route=%2Fwp%2Fv2%2Fmedia&parent=116"}],"wp:term":[{"taxonomy":"category","embeddable":true,"href":"https:\/\/grupodeenlace.cescyl.es\/index.php?rest_route=%2Fwp%2Fv2%2Fcategories&post=116"},{"taxonomy":"post_tag","embeddable":true,"href":"https:\/\/grupodeenlace.cescyl.es\/index.php?rest_route=%2Fwp%2Fv2%2Ftags&post=116"}],"curies":[{"name":"wp","href":"https:\/\/api.w.org\/{rel}","templated":true}]}}