{"id":1218,"date":"2021-11-16T11:32:44","date_gmt":"2021-11-16T09:32:44","guid":{"rendered":"http:\/\/grupodeenlace.cescyl.es\/?p=1218"},"modified":"2021-11-16T12:01:09","modified_gmt":"2021-11-16T10:01:09","slug":"improving-the-sustainability-of-the-european-food-supply-chain-comite-economico-y-social-europeo","status":"publish","type":"post","link":"https:\/\/grupodeenlace.cescyl.es\/?p=1218","title":{"rendered":"Improving the sustainability of the European food supply chain (Comit\u00e9 Econ\u00f3mico y Social Europeo)"},"content":{"rendered":"\n<p><\/p>\n\n\n\n<p>El 29 de noviembre de 2021 de 9.30h a 13.00h, en formato online para los participantes externos, tendr\u00e1 lugar la reuni\u00f3n extraordinaria del Grupo III del CESE bajo el t\u00edtulo \u201cImproving the sustainability of the European food supply chain\u201d. La reuni\u00f3n tiene como objetivo proporcionar un foro para discutir c\u00f3mo hacer que las cadenas de suministro de alimentos sean m\u00e1s sostenibles y m\u00e1s justas para todos los actores involucrados.<\/p>\n\n\n\n<p>Este encuentro brinda la oportunidad de continuar el debate sobre la aplicaci\u00f3n del Pacto Verde Europeo promoviendo la transici\u00f3n de toda la cadena alimentaria a pr\u00e1cticas de producci\u00f3n y transformaci\u00f3n m\u00e1s sostenibles (en t\u00e9rminos de tecnolog\u00edas verdes, econom\u00eda circular y producci\u00f3n clim\u00e1ticamente neutra), pero prestando especial atenci\u00f3n tambi\u00e9n al mantenimiento de la transposici\u00f3n socialmente sostenible y la competitividad de toda la cadena de suministro alimentario.<\/p>\n\n\n\n<p><strong>Programa:<\/strong> \u00a0<a href=\"https:\/\/www.eesc.europa.eu\/en\/agenda\/our-events\/events\/improving-sustainability-european-food-supply-chain\/programme\">https:\/\/www.eesc.europa.eu\/en\/agenda\/our-events\/events\/improving-sustainability-european-food-supply-chain\/programme<\/a><\/p>\n\n\n\n<p><strong>Mas informaci\u00f3n:<\/strong> <a href=\"https:\/\/www.eesc.europa.eu\/en\/agenda\/our-events\/events\/improving-sustainability-european-food-supply-chain?_cldee=Z2FyY2hhc3VAY2VzY3lsLmVz&amp;recipientid=contact-112d5695c1cde61191ea005056a05070-ea032cc0071a40d897d22c7ef4d30a71&amp;esid=e65af812-fd42-ec11-8118-005056a043ea\">https:\/\/www.eesc.europa.eu\/en\/agenda\/our-events\/events\/improving-sustainability-european-food-supply-chain?_cldee=Z2FyY2hhc3VAY2VzY3lsLmVz&amp;recipientid=contact-112d5695c1cde61191ea005056a05070-ea032cc0071a40d897d22c7ef4d30a71&amp;esid=e65af812-fd42-ec11-8118-005056a043ea<\/a><\/p>\n\n\n\n<p><strong>Inscripci\u00f3n:<\/strong> <a href=\"https:\/\/www.eesc.europa.eu\/en\/agenda\/our-events\/events\/improving-sustainability-european-food-supply-chain\/registration\">https:\/\/www.eesc.europa.eu\/en\/agenda\/our-events\/events\/improving-sustainability-european-food-supply-chain\/registration<\/a><\/p>\n\n\n\n<figure class=\"wp-block-image size-full is-resized\"><img loading=\"lazy\" decoding=\"async\" src=\"https:\/\/grupodeenlace.cescyl.es\/wp-content\/uploads\/2021\/11\/image-5.png\" alt=\"\" class=\"wp-image-1219\" width=\"567\" height=\"802\" srcset=\"https:\/\/grupodeenlace.cescyl.es\/wp-content\/uploads\/2021\/11\/image-5.png 431w, https:\/\/grupodeenlace.cescyl.es\/wp-content\/uploads\/2021\/11\/image-5-212x300.png 212w\" sizes=\"auto, (max-width: 567px) 85vw, 567px\" \/><\/figure>\n","protected":false},"excerpt":{"rendered":"<p>El 29 de noviembre de 2021 de 9.30h a 13.00h, en formato online para los participantes externos, tendr\u00e1 lugar la reuni\u00f3n extraordinaria del Grupo III del CESE bajo el t\u00edtulo \u201cImproving the sustainability of the European food supply chain\u201d. La reuni\u00f3n tiene como objetivo proporcionar un foro para discutir c\u00f3mo hacer que las cadenas de &hellip; <a href=\"https:\/\/grupodeenlace.cescyl.es\/?p=1218\" class=\"more-link\">Continuar leyendo<span class=\"screen-reader-text\"> &#8220;Improving the sustainability of the European food supply chain (Comit\u00e9 Econ\u00f3mico y Social Europeo)&#8221;<\/span><\/a><\/p>\n","protected":false},"author":2,"featured_media":0,"comment_status":"open","ping_status":"open","sticky":false,"template":"","format":"standard","meta":{"_s2mail":"","footnotes":""},"categories":[5],"tags":[],"class_list":["post-1218","post","type-post","status-publish","format-standard","hentry","category-instrumentos-de-apoyo"],"_links":{"self":[{"href":"https:\/\/grupodeenlace.cescyl.es\/index.php?rest_route=\/wp\/v2\/posts\/1218","targetHints":{"allow":["GET"]}}],"collection":[{"href":"https:\/\/grupodeenlace.cescyl.es\/index.php?rest_route=\/wp\/v2\/posts"}],"about":[{"href":"https:\/\/grupodeenlace.cescyl.es\/index.php?rest_route=\/wp\/v2\/types\/post"}],"author":[{"embeddable":true,"href":"https:\/\/grupodeenlace.cescyl.es\/index.php?rest_route=\/wp\/v2\/users\/2"}],"replies":[{"embeddable":true,"href":"https:\/\/grupodeenlace.cescyl.es\/index.php?rest_route=%2Fwp%2Fv2%2Fcomments&post=1218"}],"version-history":[{"count":1,"href":"https:\/\/grupodeenlace.cescyl.es\/index.php?rest_route=\/wp\/v2\/posts\/1218\/revisions"}],"predecessor-version":[{"id":1220,"href":"https:\/\/grupodeenlace.cescyl.es\/index.php?rest_route=\/wp\/v2\/posts\/1218\/revisions\/1220"}],"wp:attachment":[{"href":"https:\/\/grupodeenlace.cescyl.es\/index.php?rest_route=%2Fwp%2Fv2%2Fmedia&parent=1218"}],"wp:term":[{"taxonomy":"category","embeddable":true,"href":"https:\/\/grupodeenlace.cescyl.es\/index.php?rest_route=%2Fwp%2Fv2%2Fcategories&post=1218"},{"taxonomy":"post_tag","embeddable":true,"href":"https:\/\/grupodeenlace.cescyl.es\/index.php?rest_route=%2Fwp%2Fv2%2Ftags&post=1218"}],"curies":[{"name":"wp","href":"https:\/\/api.w.org\/{rel}","templated":true}]}}