{"id":127,"date":"2020-03-09T07:36:30","date_gmt":"2020-03-09T07:36:30","guid":{"rendered":"http:\/\/grupodeenlace.cescyl.es\/?p=127"},"modified":"2020-07-23T07:41:24","modified_gmt":"2020-07-23T07:41:24","slug":"subvenciones-para-complementar-los-costes-salariales-de-trabajadores-con-discapacidad-con-especiales-dificultades-de-empleabilidad-en-centros-especiales-de-empleo-2020","status":"publish","type":"post","link":"https:\/\/grupodeenlace.cescyl.es\/?p=127","title":{"rendered":"Subvenciones para complementar los costes salariales de trabajadores con discapacidad con especiales dificultades de empleabilidad, en centros especiales de empleo (2020)"},"content":{"rendered":"\n<p>Subvenciones dirigidas a los centros especiales de empleo para la financiaci\u00f3n de los costes salariales de los trabajadores con discapacidad con especiales dificultades de empleabilidad. Las solicitudes de subvenciones se resolver\u00e1n por orden cronol\u00f3gico de presentaci\u00f3n desde que el expediente est\u00e9 completo, en funci\u00f3n del cumplimiento de los requisitos establecidos y de acuerdo a las disponibilidades presupuestarias.<br><\/p>\n\n\n\n<p>EXTRACTO de la Orden de 27 de febrero de 2020, de la Consejer\u00eda de Empleo e Industria<br><a href=\"http:\/\/bocyl.jcyl.es\/html\/2020\/03\/09\/html\/BOCYL-D-09032020-3.do\">http:\/\/bocyl.jcyl.es\/html\/2020\/03\/09\/html\/BOCYL-D-09032020-3.do<\/a><br><\/p>\n\n\n\n<p>Tramitaci\u00f3n electr\u00f3nica:<br><a href=\"https:\/\/www.tramitacastillayleon.jcyl.es\/web\/jcyl\/AdministracionElectronica\/es\/Plantilla100Detalle\/1251181050732\/Ayuda012\/1284937983522\/Propuesta\">https:\/\/www.tramitacastillayleon.jcyl.es\/web\/jcyl\/AdministracionElectronica\/es\/Plantilla100Detalle\/1251181050732\/Ayuda012\/1284937983522\/Propuesta<\/a><br><\/p>\n\n\n\n<p><strong><span class=\"has-inline-color has-bright-red-color\">Plazo de presentaci\u00f3n de solicitudes:<br>b) Costes salariales correspondientes al per\u00edodo subvencionable que comprende del 1 de mayo de 2020 al 31 octubre de 2020, podr\u00e1n presentarse desde el 3 de noviembre de 2020 hasta el 13 de noviembre de 2020, ambos inclusive.<br>c) Las solicitudes correspondientes al mes de noviembre de 2020 podr\u00e1n presentarse desde el 1 de diciembre de 2020 hasta el 4 de diciembre de 2020, ambos inclusive.<\/span><\/strong><\/p>\n","protected":false},"excerpt":{"rendered":"<p>Subvenciones dirigidas a los centros especiales de empleo para la financiaci\u00f3n de los costes salariales de los trabajadores con discapacidad con especiales dificultades de empleabilidad. Las solicitudes de subvenciones se resolver\u00e1n por orden cronol\u00f3gico de presentaci\u00f3n desde que el expediente est\u00e9 completo, en funci\u00f3n del cumplimiento de los requisitos establecidos y de acuerdo a las &hellip; <a href=\"https:\/\/grupodeenlace.cescyl.es\/?p=127\" class=\"more-link\">Continuar leyendo<span class=\"screen-reader-text\"> &#8220;Subvenciones para complementar los costes salariales de trabajadores con discapacidad con especiales dificultades de empleabilidad, en centros especiales de empleo (2020)&#8221;<\/span><\/a><\/p>\n","protected":false},"author":2,"featured_media":0,"comment_status":"open","ping_status":"open","sticky":false,"template":"","format":"standard","meta":{"_s2mail":"","footnotes":""},"categories":[5],"tags":[],"class_list":["post-127","post","type-post","status-publish","format-standard","hentry","category-instrumentos-de-apoyo"],"_links":{"self":[{"href":"https:\/\/grupodeenlace.cescyl.es\/index.php?rest_route=\/wp\/v2\/posts\/127","targetHints":{"allow":["GET"]}}],"collection":[{"href":"https:\/\/grupodeenlace.cescyl.es\/index.php?rest_route=\/wp\/v2\/posts"}],"about":[{"href":"https:\/\/grupodeenlace.cescyl.es\/index.php?rest_route=\/wp\/v2\/types\/post"}],"author":[{"embeddable":true,"href":"https:\/\/grupodeenlace.cescyl.es\/index.php?rest_route=\/wp\/v2\/users\/2"}],"replies":[{"embeddable":true,"href":"https:\/\/grupodeenlace.cescyl.es\/index.php?rest_route=%2Fwp%2Fv2%2Fcomments&post=127"}],"version-history":[{"count":1,"href":"https:\/\/grupodeenlace.cescyl.es\/index.php?rest_route=\/wp\/v2\/posts\/127\/revisions"}],"predecessor-version":[{"id":128,"href":"https:\/\/grupodeenlace.cescyl.es\/index.php?rest_route=\/wp\/v2\/posts\/127\/revisions\/128"}],"wp:attachment":[{"href":"https:\/\/grupodeenlace.cescyl.es\/index.php?rest_route=%2Fwp%2Fv2%2Fmedia&parent=127"}],"wp:term":[{"taxonomy":"category","embeddable":true,"href":"https:\/\/grupodeenlace.cescyl.es\/index.php?rest_route=%2Fwp%2Fv2%2Fcategories&post=127"},{"taxonomy":"post_tag","embeddable":true,"href":"https:\/\/grupodeenlace.cescyl.es\/index.php?rest_route=%2Fwp%2Fv2%2Ftags&post=127"}],"curies":[{"name":"wp","href":"https:\/\/api.w.org\/{rel}","templated":true}]}}