{"id":1340,"date":"2022-02-04T10:45:42","date_gmt":"2022-02-04T08:45:42","guid":{"rendered":"http:\/\/grupodeenlace.cescyl.es\/?p=1340"},"modified":"2022-02-04T10:50:00","modified_gmt":"2022-02-04T08:50:00","slug":"programa-de-gratuidad-de-libros-de-texto-releo-plus-curso-escolar-2022-2023","status":"publish","type":"post","link":"https:\/\/grupodeenlace.cescyl.es\/?p=1340","title":{"rendered":"Programa de gratuidad de libros de texto \u201cRELEO PLUS\u201d, curso escolar 2022\/2023"},"content":{"rendered":"\n<p><\/p>\n\n\n\n<p>Se convoca la participaci\u00f3n en el Programa de gratuidad de libros de texto \u201cRELEO PLUS\u201d, curso escolar 2022\/2023, para proporcionar el uso gratuito de libros de texto al alumnado que curse educaci\u00f3n primaria o educaci\u00f3n secundaria obligatoria en los centros docentes de la comunidad de Castilla y Le\u00f3n con la finalidad de garantizar el derecho fundamental a la educaci\u00f3n y promover las condiciones de igualdad en su ejercicio.<\/p>\n\n\n\n<ul class=\"wp-block-list\"><li><strong>Orden EDU\/54\/2022, de 25 de enero (BOCyL de 3 de febrero de 2022)<\/strong><\/li><\/ul>\n\n\n\n<p><a href=\"https:\/\/bocyl.jcyl.es\/html\/2022\/02\/03\/html\/BOCYL-D-03022022-14.do\">https:\/\/bocyl.jcyl.es\/html\/2022\/02\/03\/html\/BOCYL-D-03022022-14.do<\/a><\/p>\n\n\n\n<ul class=\"wp-block-list\"><li><strong>Tramitaci\u00f3n electr\u00f3nica<\/strong><\/li><\/ul>\n\n\n\n<p><a href=\"https:\/\/www.tramitacastillayleon.jcyl.es\/web\/jcyl\/AdministracionElectronica\/es\/Plantilla100Detalle\/1251181050732\/Ayuda012\/1285133812712\/Propuesta?utm_source=alertascontenidos&amp;utm_medium=mail&amp;utm_campaign=Ayuda\">https:\/\/www.tramitacastillayleon.jcyl.es\/web\/jcyl\/AdministracionElectronica\/es\/Plantilla100Detalle\/1251181050732\/Ayuda012\/1285133812712\/Propuesta?utm_source=alertascontenidos&amp;utm_medium=mail&amp;utm_campaign=Ayuda<\/a><\/p>\n\n\n\n<ul class=\"wp-block-list\"><li><strong>Plazo de tramitaci\u00f3n<\/strong><\/li><\/ul>\n\n\n\n<p>Desde el 4 de febrero de 2022 hasta el 25 de febrero de 2022<\/p>\n\n\n\n<p><\/p>\n","protected":false},"excerpt":{"rendered":"<p>Se convoca la participaci\u00f3n en el Programa de gratuidad de libros de texto \u201cRELEO PLUS\u201d, curso escolar 2022\/2023, para proporcionar el uso gratuito de libros de texto al alumnado que curse educaci\u00f3n primaria o educaci\u00f3n secundaria obligatoria en los centros docentes de la comunidad de Castilla y Le\u00f3n con la finalidad de garantizar el derecho &hellip; <a href=\"https:\/\/grupodeenlace.cescyl.es\/?p=1340\" class=\"more-link\">Continuar leyendo<span class=\"screen-reader-text\"> &#8220;Programa de gratuidad de libros de texto \u201cRELEO PLUS\u201d, curso escolar 2022\/2023&#8221;<\/span><\/a><\/p>\n","protected":false},"author":2,"featured_media":0,"comment_status":"open","ping_status":"open","sticky":false,"template":"","format":"standard","meta":{"_s2mail":"yes","footnotes":""},"categories":[5],"tags":[],"class_list":["post-1340","post","type-post","status-publish","format-standard","hentry","category-instrumentos-de-apoyo"],"_links":{"self":[{"href":"https:\/\/grupodeenlace.cescyl.es\/index.php?rest_route=\/wp\/v2\/posts\/1340","targetHints":{"allow":["GET"]}}],"collection":[{"href":"https:\/\/grupodeenlace.cescyl.es\/index.php?rest_route=\/wp\/v2\/posts"}],"about":[{"href":"https:\/\/grupodeenlace.cescyl.es\/index.php?rest_route=\/wp\/v2\/types\/post"}],"author":[{"embeddable":true,"href":"https:\/\/grupodeenlace.cescyl.es\/index.php?rest_route=\/wp\/v2\/users\/2"}],"replies":[{"embeddable":true,"href":"https:\/\/grupodeenlace.cescyl.es\/index.php?rest_route=%2Fwp%2Fv2%2Fcomments&post=1340"}],"version-history":[{"count":1,"href":"https:\/\/grupodeenlace.cescyl.es\/index.php?rest_route=\/wp\/v2\/posts\/1340\/revisions"}],"predecessor-version":[{"id":1341,"href":"https:\/\/grupodeenlace.cescyl.es\/index.php?rest_route=\/wp\/v2\/posts\/1340\/revisions\/1341"}],"wp:attachment":[{"href":"https:\/\/grupodeenlace.cescyl.es\/index.php?rest_route=%2Fwp%2Fv2%2Fmedia&parent=1340"}],"wp:term":[{"taxonomy":"category","embeddable":true,"href":"https:\/\/grupodeenlace.cescyl.es\/index.php?rest_route=%2Fwp%2Fv2%2Fcategories&post=1340"},{"taxonomy":"post_tag","embeddable":true,"href":"https:\/\/grupodeenlace.cescyl.es\/index.php?rest_route=%2Fwp%2Fv2%2Ftags&post=1340"}],"curies":[{"name":"wp","href":"https:\/\/api.w.org\/{rel}","templated":true}]}}