{"id":1344,"date":"2022-02-07T14:54:01","date_gmt":"2022-02-07T12:54:01","guid":{"rendered":"http:\/\/grupodeenlace.cescyl.es\/?p=1344"},"modified":"2022-02-07T14:58:35","modified_gmt":"2022-02-07T12:58:35","slug":"ayudas-para-financiar-transporte-de-alumnado-pluridiscapacitados-con-movilidad-reducida-en-centros-privados-concertados-de-educacion-especial","status":"publish","type":"post","link":"https:\/\/grupodeenlace.cescyl.es\/?p=1344","title":{"rendered":"Ayudas para financiar transporte de alumnado pluridiscapacitados con movilidad reducida en centros privados concertados de educaci\u00f3n especial"},"content":{"rendered":"\n<p><\/p>\n\n\n\n<p><\/p>\n\n\n\n<p>Se convocan, en r\u00e9gimen de concesi\u00f3n directa, ayudas para centros privados concertados de educaci\u00f3n especial destinadas a financiar el transporte de alumnos pluridiscapacitados con movilidad reducida que necesiten un transporte adaptado, para el curso acad\u00e9mico 2021\/2022.<\/p>\n\n\n\n<ul class=\"wp-block-list\"><li><strong>Extracto de la Orden de 27 de enero de 2022, de la Consejer\u00eda de Educaci\u00f3n (BOCyL de 7 de febrero de 2022)<\/strong><\/li><\/ul>\n\n\n\n<p><a href=\"https:\/\/bocyl.jcyl.es\/html\/2022\/02\/07\/html\/BOCYL-D-07022022-7.do\">https:\/\/bocyl.jcyl.es\/html\/2022\/02\/07\/html\/BOCYL-D-07022022-7.do<\/a><\/p>\n\n\n\n<ul class=\"wp-block-list\"><li><strong>Tramitaci\u00f3n electr\u00f3nica<\/strong><\/li><\/ul>\n\n\n\n<p><a href=\"https:\/\/www.tramitacastillayleon.jcyl.es\/web\/jcyl\/AdministracionElectronica\/es\/Plantilla100Detalle\/1251181050732\/Ayuda012\/1285134671904\/Propuesta\">https:\/\/www.tramitacastillayleon.jcyl.es\/web\/jcyl\/AdministracionElectronica\/es\/Plantilla100Detalle\/1251181050732\/Ayuda012\/1285134671904\/Propuesta<\/a><\/p>\n\n\n\n<ul class=\"wp-block-list\"><li><strong>Plazo de tramitaci\u00f3n<\/strong><\/li><\/ul>\n\n\n\n<p>Desde el 8 de febrero de 2022 hasta el 7 de marzo de 2022<\/p>\n","protected":false},"excerpt":{"rendered":"<p>Se convocan, en r\u00e9gimen de concesi\u00f3n directa, ayudas para centros privados concertados de educaci\u00f3n especial destinadas a financiar el transporte de alumnos pluridiscapacitados con movilidad reducida que necesiten un transporte adaptado, para el curso acad\u00e9mico 2021\/2022. Extracto de la Orden de 27 de enero de 2022, de la Consejer\u00eda de Educaci\u00f3n (BOCyL de 7 de &hellip; <a href=\"https:\/\/grupodeenlace.cescyl.es\/?p=1344\" class=\"more-link\">Continuar leyendo<span class=\"screen-reader-text\"> &#8220;Ayudas para financiar transporte de alumnado pluridiscapacitados con movilidad reducida en centros privados concertados de educaci\u00f3n especial&#8221;<\/span><\/a><\/p>\n","protected":false},"author":2,"featured_media":0,"comment_status":"open","ping_status":"open","sticky":false,"template":"","format":"standard","meta":{"_s2mail":"yes","footnotes":""},"categories":[5],"tags":[],"class_list":["post-1344","post","type-post","status-publish","format-standard","hentry","category-instrumentos-de-apoyo"],"_links":{"self":[{"href":"https:\/\/grupodeenlace.cescyl.es\/index.php?rest_route=\/wp\/v2\/posts\/1344","targetHints":{"allow":["GET"]}}],"collection":[{"href":"https:\/\/grupodeenlace.cescyl.es\/index.php?rest_route=\/wp\/v2\/posts"}],"about":[{"href":"https:\/\/grupodeenlace.cescyl.es\/index.php?rest_route=\/wp\/v2\/types\/post"}],"author":[{"embeddable":true,"href":"https:\/\/grupodeenlace.cescyl.es\/index.php?rest_route=\/wp\/v2\/users\/2"}],"replies":[{"embeddable":true,"href":"https:\/\/grupodeenlace.cescyl.es\/index.php?rest_route=%2Fwp%2Fv2%2Fcomments&post=1344"}],"version-history":[{"count":1,"href":"https:\/\/grupodeenlace.cescyl.es\/index.php?rest_route=\/wp\/v2\/posts\/1344\/revisions"}],"predecessor-version":[{"id":1345,"href":"https:\/\/grupodeenlace.cescyl.es\/index.php?rest_route=\/wp\/v2\/posts\/1344\/revisions\/1345"}],"wp:attachment":[{"href":"https:\/\/grupodeenlace.cescyl.es\/index.php?rest_route=%2Fwp%2Fv2%2Fmedia&parent=1344"}],"wp:term":[{"taxonomy":"category","embeddable":true,"href":"https:\/\/grupodeenlace.cescyl.es\/index.php?rest_route=%2Fwp%2Fv2%2Fcategories&post=1344"},{"taxonomy":"post_tag","embeddable":true,"href":"https:\/\/grupodeenlace.cescyl.es\/index.php?rest_route=%2Fwp%2Fv2%2Ftags&post=1344"}],"curies":[{"name":"wp","href":"https:\/\/api.w.org\/{rel}","templated":true}]}}