{"id":1355,"date":"2022-02-16T11:21:33","date_gmt":"2022-02-16T09:21:33","guid":{"rendered":"http:\/\/grupodeenlace.cescyl.es\/?p=1355"},"modified":"2022-02-16T11:26:52","modified_gmt":"2022-02-16T09:26:52","slug":"civil-society-days-2022","status":"publish","type":"post","link":"https:\/\/grupodeenlace.cescyl.es\/?p=1355","title":{"rendered":"Civil Society Days 2022"},"content":{"rendered":"\n<p><\/p>\n\n\n\n<p>Las Jornadas de la Sociedad Civil 2022, se llevar\u00e1n a cabo los d\u00edas 15 a 17 de marzo. En ellas se explorar\u00e1 la forma en que Europa puede volverse m\u00e1s resistente a trav\u00e9s de una transici\u00f3n justa, que beneficie a las personas y al medio ambiente y, al mismo tiempo, aumente la prosperidad europea.<\/p>\n\n\n\n<p>Para ello se realizar\u00e1n siete talleres que abordar\u00e1n temas como:<\/p>\n\n\n\n<ul class=\"wp-block-list\"><li>Oportunidades de mejora de habilidades para todos<\/li><li>Di\u00e1logos Intergeneracionales entre Emprendedores de la Uni\u00f3n Europea<\/li><li>Voluntarios para la Prosperidad<\/li><li>Entorno propicio para la sociedad civil: el caso de una participaci\u00f3n significativa<\/li><li>Construyendo una econom\u00eda democr\u00e1tica para una transici\u00f3n justa<\/li><li>Una econom\u00eda verde y social de mercado para el futuro de Europa<\/li><li>El Futuro de la Protecci\u00f3n Social y el Estado de Bienestar Europeo: esquemas de ingresos m\u00ednimos y acceso a servicios sociales de calidad<\/li><\/ul>\n\n\n\n<p><strong>Informaci\u00f3n:<\/strong> <a href=\"https:\/\/www.eesc.europa.eu\/en\/agenda\/our-events\/events\/civil-society-days-2022\">https:\/\/www.eesc.europa.eu\/en\/agenda\/our-events\/events\/civil-society-days-2022<\/a><\/p>\n\n\n\n<p><strong>Programa:<\/strong> <a href=\"https:\/\/www.eesc.europa.eu\/en\/agenda\/our-events\/events\/civil-society-days-2022\/programme\">https:\/\/www.eesc.europa.eu\/en\/agenda\/our-events\/events\/civil-society-days-2022\/programme<\/a><\/p>\n\n\n\n<p><strong>Inscripci\u00f3n<\/strong> (antes del 10 de marzo): <a href=\"https:\/\/cutt.ly\/jPgpdvG\">https:\/\/cutt.ly\/jPgpdvG<\/a><\/p>\n\n\n\n<p><\/p>\n\n\n\n<figure class=\"wp-block-image size-full\"><img loading=\"lazy\" decoding=\"async\" width=\"640\" height=\"304\" src=\"https:\/\/grupodeenlace.cescyl.es\/wp-content\/uploads\/2022\/02\/image-2.png\" alt=\"\" class=\"wp-image-1356\" srcset=\"https:\/\/grupodeenlace.cescyl.es\/wp-content\/uploads\/2022\/02\/image-2.png 640w, https:\/\/grupodeenlace.cescyl.es\/wp-content\/uploads\/2022\/02\/image-2-300x143.png 300w\" sizes=\"auto, (max-width: 709px) 85vw, (max-width: 909px) 67vw, (max-width: 984px) 61vw, (max-width: 1362px) 45vw, 600px\" \/><\/figure>\n\n\n\n<p><\/p>\n","protected":false},"excerpt":{"rendered":"<p>Las Jornadas de la Sociedad Civil 2022, se llevar\u00e1n a cabo los d\u00edas 15 a 17 de marzo. En ellas se explorar\u00e1 la forma en que Europa puede volverse m\u00e1s resistente a trav\u00e9s de una transici\u00f3n justa, que beneficie a las personas y al medio ambiente y, al mismo tiempo, aumente la prosperidad europea. Para &hellip; <a href=\"https:\/\/grupodeenlace.cescyl.es\/?p=1355\" class=\"more-link\">Continuar leyendo<span class=\"screen-reader-text\"> &#8220;Civil Society Days 2022&#8221;<\/span><\/a><\/p>\n","protected":false},"author":2,"featured_media":0,"comment_status":"open","ping_status":"open","sticky":false,"template":"","format":"standard","meta":{"_s2mail":"yes","footnotes":""},"categories":[4],"tags":[],"class_list":["post-1355","post","type-post","status-publish","format-standard","hentry","category-informes-y-documentos"],"_links":{"self":[{"href":"https:\/\/grupodeenlace.cescyl.es\/index.php?rest_route=\/wp\/v2\/posts\/1355","targetHints":{"allow":["GET"]}}],"collection":[{"href":"https:\/\/grupodeenlace.cescyl.es\/index.php?rest_route=\/wp\/v2\/posts"}],"about":[{"href":"https:\/\/grupodeenlace.cescyl.es\/index.php?rest_route=\/wp\/v2\/types\/post"}],"author":[{"embeddable":true,"href":"https:\/\/grupodeenlace.cescyl.es\/index.php?rest_route=\/wp\/v2\/users\/2"}],"replies":[{"embeddable":true,"href":"https:\/\/grupodeenlace.cescyl.es\/index.php?rest_route=%2Fwp%2Fv2%2Fcomments&post=1355"}],"version-history":[{"count":1,"href":"https:\/\/grupodeenlace.cescyl.es\/index.php?rest_route=\/wp\/v2\/posts\/1355\/revisions"}],"predecessor-version":[{"id":1357,"href":"https:\/\/grupodeenlace.cescyl.es\/index.php?rest_route=\/wp\/v2\/posts\/1355\/revisions\/1357"}],"wp:attachment":[{"href":"https:\/\/grupodeenlace.cescyl.es\/index.php?rest_route=%2Fwp%2Fv2%2Fmedia&parent=1355"}],"wp:term":[{"taxonomy":"category","embeddable":true,"href":"https:\/\/grupodeenlace.cescyl.es\/index.php?rest_route=%2Fwp%2Fv2%2Fcategories&post=1355"},{"taxonomy":"post_tag","embeddable":true,"href":"https:\/\/grupodeenlace.cescyl.es\/index.php?rest_route=%2Fwp%2Fv2%2Ftags&post=1355"}],"curies":[{"name":"wp","href":"https:\/\/api.w.org\/{rel}","templated":true}]}}