{"id":1358,"date":"2022-02-21T10:03:50","date_gmt":"2022-02-21T08:03:50","guid":{"rendered":"http:\/\/grupodeenlace.cescyl.es\/?p=1358"},"modified":"2022-02-21T10:05:42","modified_gmt":"2022-02-21T08:05:42","slug":"concierto-social-en-determinados-ambitos-del-sistema-de-servicios-sociales-de-responsabilidad-publica-de-castilla-y-leon","status":"publish","type":"post","link":"https:\/\/grupodeenlace.cescyl.es\/?p=1358","title":{"rendered":"Concierto social en determinados \u00e1mbitos del Sistema de Servicios Sociales de Responsabilidad P\u00fablica de Castilla y Le\u00f3n"},"content":{"rendered":"\n<p><\/p>\n\n\n\n<p>Con fecha 21 de febrero de 2022 se ha publicado en el BOCyL el Decreto por el que se establece el r\u00e9gimen jur\u00eddico del concierto social en determinados \u00e1mbitos del Sistema de Servicios Sociales de Responsabilidad P\u00fablica de Castilla y Le\u00f3n.<\/p>\n\n\n\n<p>El concierto social, se define como el instrumento de gesti\u00f3n indirecta de los servicios sociales p\u00fablicos, regido por los principios de publicidad, transparencia y no discriminaci\u00f3n y eficiencia en la utilizaci\u00f3n de fondos p\u00fablicos, dirigidos a la atenci\u00f3n directa a las personas, cuya financiaci\u00f3n, acceso y control corresponde a las Administraciones p\u00fablicas de la Comunidad.<\/p>\n\n\n\n<ul class=\"wp-block-list\"><li><strong>Decreto 3\/2022, de 17 de febrero<\/strong><strong><\/strong><\/li><\/ul>\n\n\n\n<p><a href=\"https:\/\/bocyl.jcyl.es\/html\/2022\/02\/21\/html\/BOCYL-D-21022022-1.do\">https:\/\/bocyl.jcyl.es\/html\/2022\/02\/21\/html\/BOCYL-D-21022022-1.do<\/a><\/p>\n","protected":false},"excerpt":{"rendered":"<p>Con fecha 21 de febrero de 2022 se ha publicado en el BOCyL el Decreto por el que se establece el r\u00e9gimen jur\u00eddico del concierto social en determinados \u00e1mbitos del Sistema de Servicios Sociales de Responsabilidad P\u00fablica de Castilla y Le\u00f3n. El concierto social, se define como el instrumento de gesti\u00f3n indirecta de los servicios &hellip; <a href=\"https:\/\/grupodeenlace.cescyl.es\/?p=1358\" class=\"more-link\">Continuar leyendo<span class=\"screen-reader-text\"> &#8220;Concierto social en determinados \u00e1mbitos del Sistema de Servicios Sociales de Responsabilidad P\u00fablica de Castilla y Le\u00f3n&#8221;<\/span><\/a><\/p>\n","protected":false},"author":2,"featured_media":0,"comment_status":"open","ping_status":"open","sticky":false,"template":"","format":"standard","meta":{"_s2mail":"yes","footnotes":""},"categories":[2],"tags":[],"class_list":["post-1358","post","type-post","status-publish","format-standard","hentry","category-normativa"],"_links":{"self":[{"href":"https:\/\/grupodeenlace.cescyl.es\/index.php?rest_route=\/wp\/v2\/posts\/1358","targetHints":{"allow":["GET"]}}],"collection":[{"href":"https:\/\/grupodeenlace.cescyl.es\/index.php?rest_route=\/wp\/v2\/posts"}],"about":[{"href":"https:\/\/grupodeenlace.cescyl.es\/index.php?rest_route=\/wp\/v2\/types\/post"}],"author":[{"embeddable":true,"href":"https:\/\/grupodeenlace.cescyl.es\/index.php?rest_route=\/wp\/v2\/users\/2"}],"replies":[{"embeddable":true,"href":"https:\/\/grupodeenlace.cescyl.es\/index.php?rest_route=%2Fwp%2Fv2%2Fcomments&post=1358"}],"version-history":[{"count":1,"href":"https:\/\/grupodeenlace.cescyl.es\/index.php?rest_route=\/wp\/v2\/posts\/1358\/revisions"}],"predecessor-version":[{"id":1359,"href":"https:\/\/grupodeenlace.cescyl.es\/index.php?rest_route=\/wp\/v2\/posts\/1358\/revisions\/1359"}],"wp:attachment":[{"href":"https:\/\/grupodeenlace.cescyl.es\/index.php?rest_route=%2Fwp%2Fv2%2Fmedia&parent=1358"}],"wp:term":[{"taxonomy":"category","embeddable":true,"href":"https:\/\/grupodeenlace.cescyl.es\/index.php?rest_route=%2Fwp%2Fv2%2Fcategories&post=1358"},{"taxonomy":"post_tag","embeddable":true,"href":"https:\/\/grupodeenlace.cescyl.es\/index.php?rest_route=%2Fwp%2Fv2%2Ftags&post=1358"}],"curies":[{"name":"wp","href":"https:\/\/api.w.org\/{rel}","templated":true}]}}