{"id":1369,"date":"2022-02-25T11:28:11","date_gmt":"2022-02-25T09:28:11","guid":{"rendered":"http:\/\/grupodeenlace.cescyl.es\/?p=1369"},"modified":"2022-02-25T11:50:47","modified_gmt":"2022-02-25T09:50:47","slug":"el-ces-de-castilla-y-leon-firma-un-protocolo-de-colaboracion-con-la-plataforma-del-tercer-sector-de-castilla-y-leon","status":"publish","type":"post","link":"https:\/\/grupodeenlace.cescyl.es\/?p=1369","title":{"rendered":"El CES de Castilla y Le\u00f3n firma un Protocolo de colaboraci\u00f3n con la Plataforma del Tercer Sector de Castilla y Le\u00f3n"},"content":{"rendered":"\n<p><\/p>\n\n\n\n<p>El 24 de febrero de 2022 se celebr\u00f3 el acto de la firma de un Protocolo de colaboraci\u00f3n entre el CES de Castilla y Le\u00f3n y la Plataforma del Tercer Sector de Castilla y Le\u00f3n para el estudio conjunto y la preparaci\u00f3n de informes y propuestas.<a href=\"https:\/\/www.cescyl.es\/es\/actualidad\/actualidad-cescyl\/ces-firma-protocolo-colaboracion-plataforma-tercer-sector-c\">https:\/\/www.cescyl.es\/es\/actualidad\/actualidad-cescyl\/ces-firma-protocolo-colaboracion-plataforma-tercer-sector-c<\/a><\/p>\n\n\n\n<p><\/p>\n\n\n\n<figure class=\"wp-block-image size-full is-resized\"><img loading=\"lazy\" decoding=\"async\" src=\"https:\/\/grupodeenlace.cescyl.es\/wp-content\/uploads\/2022\/02\/image-5.png\" alt=\"\" class=\"wp-image-1370\" width=\"616\" height=\"175\" srcset=\"https:\/\/grupodeenlace.cescyl.es\/wp-content\/uploads\/2022\/02\/image-5.png 580w, https:\/\/grupodeenlace.cescyl.es\/wp-content\/uploads\/2022\/02\/image-5-300x85.png 300w\" sizes=\"auto, (max-width: 709px) 85vw, (max-width: 909px) 67vw, (max-width: 984px) 61vw, (max-width: 1362px) 45vw, 600px\" \/><\/figure>\n\n\n\n<p><\/p>\n","protected":false},"excerpt":{"rendered":"<p>El 24 de febrero de 2022 se celebr\u00f3 el acto de la firma de un Protocolo de colaboraci\u00f3n entre el CES de Castilla y Le\u00f3n y la Plataforma del Tercer Sector de Castilla y Le\u00f3n para el estudio conjunto y la preparaci\u00f3n de informes y propuestas.https:\/\/www.cescyl.es\/es\/actualidad\/actualidad-cescyl\/ces-firma-protocolo-colaboracion-plataforma-tercer-sector-c<\/p>\n","protected":false},"author":2,"featured_media":0,"comment_status":"open","ping_status":"open","sticky":false,"template":"","format":"standard","meta":{"_s2mail":"yes","footnotes":""},"categories":[3],"tags":[],"class_list":["post-1369","post","type-post","status-publish","format-standard","hentry","category-informacion-y-publicaciones-ces"],"_links":{"self":[{"href":"https:\/\/grupodeenlace.cescyl.es\/index.php?rest_route=\/wp\/v2\/posts\/1369","targetHints":{"allow":["GET"]}}],"collection":[{"href":"https:\/\/grupodeenlace.cescyl.es\/index.php?rest_route=\/wp\/v2\/posts"}],"about":[{"href":"https:\/\/grupodeenlace.cescyl.es\/index.php?rest_route=\/wp\/v2\/types\/post"}],"author":[{"embeddable":true,"href":"https:\/\/grupodeenlace.cescyl.es\/index.php?rest_route=\/wp\/v2\/users\/2"}],"replies":[{"embeddable":true,"href":"https:\/\/grupodeenlace.cescyl.es\/index.php?rest_route=%2Fwp%2Fv2%2Fcomments&post=1369"}],"version-history":[{"count":1,"href":"https:\/\/grupodeenlace.cescyl.es\/index.php?rest_route=\/wp\/v2\/posts\/1369\/revisions"}],"predecessor-version":[{"id":1371,"href":"https:\/\/grupodeenlace.cescyl.es\/index.php?rest_route=\/wp\/v2\/posts\/1369\/revisions\/1371"}],"wp:attachment":[{"href":"https:\/\/grupodeenlace.cescyl.es\/index.php?rest_route=%2Fwp%2Fv2%2Fmedia&parent=1369"}],"wp:term":[{"taxonomy":"category","embeddable":true,"href":"https:\/\/grupodeenlace.cescyl.es\/index.php?rest_route=%2Fwp%2Fv2%2Fcategories&post=1369"},{"taxonomy":"post_tag","embeddable":true,"href":"https:\/\/grupodeenlace.cescyl.es\/index.php?rest_route=%2Fwp%2Fv2%2Ftags&post=1369"}],"curies":[{"name":"wp","href":"https:\/\/api.w.org\/{rel}","templated":true}]}}