{"id":1473,"date":"2022-04-27T13:49:06","date_gmt":"2022-04-27T11:49:06","guid":{"rendered":"http:\/\/grupodeenlace.cescyl.es\/?p=1473"},"modified":"2022-04-27T15:01:16","modified_gmt":"2022-04-27T13:01:16","slug":"informe-previo-sobre-el-proyecto-de-decreto-por-el-que-se-aprueba-el-mapa-de-ordenacion-del-transporte-publico-de-viajeros-por-carretera-de-castilla-y-leon","status":"publish","type":"post","link":"https:\/\/grupodeenlace.cescyl.es\/?p=1473","title":{"rendered":"Informe Previo sobre el Proyecto de Decreto por el que se aprueba el Mapa de ordenaci\u00f3n del transporte p\u00fablico de viajeros por carretera de Castilla y Le\u00f3n"},"content":{"rendered":"\n<p><\/p>\n\n\n\n<p>El Pleno del Consejo Econ\u00f3mico y Social de Castilla y Le\u00f3n de 25 de abril de 2022 aprob\u00f3:<\/p>\n\n\n\n<p>Informe Previo sobre el Proyecto de Decreto por el que se aprueba el Mapa de ordenaci\u00f3n del transporte p\u00fablico de viajeros por carretera de Castilla y Le\u00f3n.<\/p>\n\n\n\n<p><strong>Texto del informe:<\/strong> <a href=\"https:\/\/www.cescyl.es\/es\/publicaciones\/informes-previos\/informe-previo-proyecto-decreto-aprueba-mapa-ordenacion-tra\">https:\/\/www.cescyl.es\/es\/publicaciones\/informes-previos\/informe-previo-proyecto-decreto-aprueba-mapa-ordenacion-tra<\/a><\/p>\n\n\n\n<figure class=\"wp-block-image size-full is-resized\"><img loading=\"lazy\" decoding=\"async\" src=\"https:\/\/grupodeenlace.cescyl.es\/wp-content\/uploads\/2022\/04\/image-5.png\" alt=\"\" class=\"wp-image-1474\" width=\"594\" height=\"843\" srcset=\"https:\/\/grupodeenlace.cescyl.es\/wp-content\/uploads\/2022\/04\/image-5.png 548w, https:\/\/grupodeenlace.cescyl.es\/wp-content\/uploads\/2022\/04\/image-5-211x300.png 211w\" sizes=\"auto, (max-width: 594px) 85vw, 594px\" \/><\/figure>\n","protected":false},"excerpt":{"rendered":"<p>El Pleno del Consejo Econ\u00f3mico y Social de Castilla y Le\u00f3n de 25 de abril de 2022 aprob\u00f3: Informe Previo sobre el Proyecto de Decreto por el que se aprueba el Mapa de ordenaci\u00f3n del transporte p\u00fablico de viajeros por carretera de Castilla y Le\u00f3n. Texto del informe: https:\/\/www.cescyl.es\/es\/publicaciones\/informes-previos\/informe-previo-proyecto-decreto-aprueba-mapa-ordenacion-tra<\/p>\n","protected":false},"author":2,"featured_media":0,"comment_status":"open","ping_status":"open","sticky":false,"template":"","format":"standard","meta":{"_s2mail":"yes","footnotes":""},"categories":[3],"tags":[],"class_list":["post-1473","post","type-post","status-publish","format-standard","hentry","category-informacion-y-publicaciones-ces"],"_links":{"self":[{"href":"https:\/\/grupodeenlace.cescyl.es\/index.php?rest_route=\/wp\/v2\/posts\/1473","targetHints":{"allow":["GET"]}}],"collection":[{"href":"https:\/\/grupodeenlace.cescyl.es\/index.php?rest_route=\/wp\/v2\/posts"}],"about":[{"href":"https:\/\/grupodeenlace.cescyl.es\/index.php?rest_route=\/wp\/v2\/types\/post"}],"author":[{"embeddable":true,"href":"https:\/\/grupodeenlace.cescyl.es\/index.php?rest_route=\/wp\/v2\/users\/2"}],"replies":[{"embeddable":true,"href":"https:\/\/grupodeenlace.cescyl.es\/index.php?rest_route=%2Fwp%2Fv2%2Fcomments&post=1473"}],"version-history":[{"count":1,"href":"https:\/\/grupodeenlace.cescyl.es\/index.php?rest_route=\/wp\/v2\/posts\/1473\/revisions"}],"predecessor-version":[{"id":1475,"href":"https:\/\/grupodeenlace.cescyl.es\/index.php?rest_route=\/wp\/v2\/posts\/1473\/revisions\/1475"}],"wp:attachment":[{"href":"https:\/\/grupodeenlace.cescyl.es\/index.php?rest_route=%2Fwp%2Fv2%2Fmedia&parent=1473"}],"wp:term":[{"taxonomy":"category","embeddable":true,"href":"https:\/\/grupodeenlace.cescyl.es\/index.php?rest_route=%2Fwp%2Fv2%2Fcategories&post=1473"},{"taxonomy":"post_tag","embeddable":true,"href":"https:\/\/grupodeenlace.cescyl.es\/index.php?rest_route=%2Fwp%2Fv2%2Ftags&post=1473"}],"curies":[{"name":"wp","href":"https:\/\/api.w.org\/{rel}","templated":true}]}}