{"id":1480,"date":"2022-05-03T09:03:20","date_gmt":"2022-05-03T07:03:20","guid":{"rendered":"http:\/\/grupodeenlace.cescyl.es\/?p=1480"},"modified":"2022-05-03T12:37:47","modified_gmt":"2022-05-03T10:37:47","slug":"jornada-formacion-dual-y-empleo-en-castilla-y-leon","status":"publish","type":"post","link":"https:\/\/grupodeenlace.cescyl.es\/?p=1480","title":{"rendered":"Jornada \u201cFormaci\u00f3n Dual y empleo en Castilla y Le\u00f3n\u201d"},"content":{"rendered":"\n<p><\/p>\n\n\n\n<p>El pr\u00f3ximo 6 de mayo de 2022 tendr\u00e1 lugar la jornada \u201cFormaci\u00f3n Dual y empleo en Castilla y Le\u00f3n\u201d, organizada por EL ESPA\u00d1OL-Noticias de Castilla y Le\u00f3n.<\/p>\n\n\n\n<ul class=\"wp-block-list\"><li><strong>Enlace directo<\/strong>: Se transmitir\u00e1 en streaming a trav\u00e9s de la Portada de EL ESPA\u00d1OL-Noticias de Castilla y Le\u00f3n <a href=\"https:\/\/www.elespanol.com\/castilla-y-leon\/\">https:\/\/www.elespanol.com\/castilla-y-leon\/<\/a><\/li><\/ul>\n\n\n\n<figure class=\"wp-block-image size-full is-resized\"><img loading=\"lazy\" decoding=\"async\" src=\"https:\/\/grupodeenlace.cescyl.es\/wp-content\/uploads\/2022\/05\/image.png\" alt=\"\" class=\"wp-image-1481\" width=\"612\" height=\"870\" srcset=\"https:\/\/grupodeenlace.cescyl.es\/wp-content\/uploads\/2022\/05\/image.png 575w, https:\/\/grupodeenlace.cescyl.es\/wp-content\/uploads\/2022\/05\/image-211x300.png 211w\" sizes=\"auto, (max-width: 709px) 85vw, (max-width: 909px) 67vw, (max-width: 984px) 61vw, (max-width: 1362px) 45vw, 600px\" \/><\/figure>\n","protected":false},"excerpt":{"rendered":"<p>El pr\u00f3ximo 6 de mayo de 2022 tendr\u00e1 lugar la jornada \u201cFormaci\u00f3n Dual y empleo en Castilla y Le\u00f3n\u201d, organizada por EL ESPA\u00d1OL-Noticias de Castilla y Le\u00f3n. Enlace directo: Se transmitir\u00e1 en streaming a trav\u00e9s de la Portada de EL ESPA\u00d1OL-Noticias de Castilla y Le\u00f3n https:\/\/www.elespanol.com\/castilla-y-leon\/<\/p>\n","protected":false},"author":2,"featured_media":0,"comment_status":"open","ping_status":"open","sticky":false,"template":"","format":"standard","meta":{"_s2mail":"yes","footnotes":""},"categories":[3],"tags":[],"class_list":["post-1480","post","type-post","status-publish","format-standard","hentry","category-informacion-y-publicaciones-ces"],"_links":{"self":[{"href":"https:\/\/grupodeenlace.cescyl.es\/index.php?rest_route=\/wp\/v2\/posts\/1480","targetHints":{"allow":["GET"]}}],"collection":[{"href":"https:\/\/grupodeenlace.cescyl.es\/index.php?rest_route=\/wp\/v2\/posts"}],"about":[{"href":"https:\/\/grupodeenlace.cescyl.es\/index.php?rest_route=\/wp\/v2\/types\/post"}],"author":[{"embeddable":true,"href":"https:\/\/grupodeenlace.cescyl.es\/index.php?rest_route=\/wp\/v2\/users\/2"}],"replies":[{"embeddable":true,"href":"https:\/\/grupodeenlace.cescyl.es\/index.php?rest_route=%2Fwp%2Fv2%2Fcomments&post=1480"}],"version-history":[{"count":1,"href":"https:\/\/grupodeenlace.cescyl.es\/index.php?rest_route=\/wp\/v2\/posts\/1480\/revisions"}],"predecessor-version":[{"id":1482,"href":"https:\/\/grupodeenlace.cescyl.es\/index.php?rest_route=\/wp\/v2\/posts\/1480\/revisions\/1482"}],"wp:attachment":[{"href":"https:\/\/grupodeenlace.cescyl.es\/index.php?rest_route=%2Fwp%2Fv2%2Fmedia&parent=1480"}],"wp:term":[{"taxonomy":"category","embeddable":true,"href":"https:\/\/grupodeenlace.cescyl.es\/index.php?rest_route=%2Fwp%2Fv2%2Fcategories&post=1480"},{"taxonomy":"post_tag","embeddable":true,"href":"https:\/\/grupodeenlace.cescyl.es\/index.php?rest_route=%2Fwp%2Fv2%2Ftags&post=1480"}],"curies":[{"name":"wp","href":"https:\/\/api.w.org\/{rel}","templated":true}]}}