{"id":1573,"date":"2022-06-27T10:52:25","date_gmt":"2022-06-27T08:52:25","guid":{"rendered":"http:\/\/grupodeenlace.cescyl.es\/?p=1573"},"modified":"2022-06-27T10:59:43","modified_gmt":"2022-06-27T08:59:43","slug":"premio-sociedad-civil-del-comite-economico-y-social-europeo","status":"publish","type":"post","link":"https:\/\/grupodeenlace.cescyl.es\/?p=1573","title":{"rendered":"Premio Sociedad Civil del Comit\u00e9 Econ\u00f3mico y Social Europeo"},"content":{"rendered":"\n<p><\/p>\n\n\n\n<p>El Comit\u00e9 Econ\u00f3mico y Social Europeo (CESE) tiene convocado su Premio Sociedad Civil 2022, que recompensar\u00e1 proyectos e iniciativas innovadores y creativos en dos categor\u00edas: capacitaci\u00f3n de los j\u00f3venes y ayuda a los civiles ucranianos afectados por los terribles acontecimientos en su pa\u00eds devastado por la guerra.<\/p>\n\n\n\n<p>El premio est\u00e1 abierto a todas las organizaciones de la sociedad civil, particulares y empresas privadas que lleven a cabo iniciativas sin \u00e1nimo de lucro. Las organizaciones y empresas deben estar registradas oficialmente en la UE, mientras que los solicitantes individuales deben ser ciudadanos de la UE o nacionales de terceros pa\u00edses residentes en la UE.<\/p>\n\n\n\n<p>El plazo para la presentaci\u00f3n de candidaturas finaliza el 31 de julio de 2022 a las 10.00 horas (hora de Bruselas).<\/p>\n\n\n\n<ul class=\"wp-block-list\"><li><strong>M\u00e1s informaci\u00f3n:<\/strong> <a href=\"https:\/\/www.eesc.europa.eu\/en\/agenda\/our-events\/events\/eesc-civil-society-prize-2022\">https:\/\/www.eesc.europa.eu\/en\/agenda\/our-events\/events\/eesc-civil-society-prize-2022<\/a><\/li><\/ul>\n\n\n\n<figure class=\"wp-block-image size-full is-resized\"><img loading=\"lazy\" decoding=\"async\" src=\"https:\/\/grupodeenlace.cescyl.es\/wp-content\/uploads\/2022\/06\/image-5.png\" alt=\"\" class=\"wp-image-1574\" width=\"613\" height=\"871\" srcset=\"https:\/\/grupodeenlace.cescyl.es\/wp-content\/uploads\/2022\/06\/image-5.png 480w, https:\/\/grupodeenlace.cescyl.es\/wp-content\/uploads\/2022\/06\/image-5-211x300.png 211w\" sizes=\"auto, (max-width: 709px) 85vw, (max-width: 909px) 67vw, (max-width: 984px) 61vw, (max-width: 1362px) 45vw, 600px\" \/><\/figure>\n","protected":false},"excerpt":{"rendered":"<p>El Comit\u00e9 Econ\u00f3mico y Social Europeo (CESE) tiene convocado su Premio Sociedad Civil 2022, que recompensar\u00e1 proyectos e iniciativas innovadores y creativos en dos categor\u00edas: capacitaci\u00f3n de los j\u00f3venes y ayuda a los civiles ucranianos afectados por los terribles acontecimientos en su pa\u00eds devastado por la guerra. El premio est\u00e1 abierto a todas las organizaciones &hellip; <a href=\"https:\/\/grupodeenlace.cescyl.es\/?p=1573\" class=\"more-link\">Continuar leyendo<span class=\"screen-reader-text\"> &#8220;Premio Sociedad Civil del Comit\u00e9 Econ\u00f3mico y Social Europeo&#8221;<\/span><\/a><\/p>\n","protected":false},"author":2,"featured_media":0,"comment_status":"open","ping_status":"open","sticky":false,"template":"","format":"standard","meta":{"_s2mail":"yes","footnotes":""},"categories":[5],"tags":[],"class_list":["post-1573","post","type-post","status-publish","format-standard","hentry","category-instrumentos-de-apoyo"],"_links":{"self":[{"href":"https:\/\/grupodeenlace.cescyl.es\/index.php?rest_route=\/wp\/v2\/posts\/1573","targetHints":{"allow":["GET"]}}],"collection":[{"href":"https:\/\/grupodeenlace.cescyl.es\/index.php?rest_route=\/wp\/v2\/posts"}],"about":[{"href":"https:\/\/grupodeenlace.cescyl.es\/index.php?rest_route=\/wp\/v2\/types\/post"}],"author":[{"embeddable":true,"href":"https:\/\/grupodeenlace.cescyl.es\/index.php?rest_route=\/wp\/v2\/users\/2"}],"replies":[{"embeddable":true,"href":"https:\/\/grupodeenlace.cescyl.es\/index.php?rest_route=%2Fwp%2Fv2%2Fcomments&post=1573"}],"version-history":[{"count":1,"href":"https:\/\/grupodeenlace.cescyl.es\/index.php?rest_route=\/wp\/v2\/posts\/1573\/revisions"}],"predecessor-version":[{"id":1575,"href":"https:\/\/grupodeenlace.cescyl.es\/index.php?rest_route=\/wp\/v2\/posts\/1573\/revisions\/1575"}],"wp:attachment":[{"href":"https:\/\/grupodeenlace.cescyl.es\/index.php?rest_route=%2Fwp%2Fv2%2Fmedia&parent=1573"}],"wp:term":[{"taxonomy":"category","embeddable":true,"href":"https:\/\/grupodeenlace.cescyl.es\/index.php?rest_route=%2Fwp%2Fv2%2Fcategories&post=1573"},{"taxonomy":"post_tag","embeddable":true,"href":"https:\/\/grupodeenlace.cescyl.es\/index.php?rest_route=%2Fwp%2Fv2%2Ftags&post=1573"}],"curies":[{"name":"wp","href":"https:\/\/api.w.org\/{rel}","templated":true}]}}