{"id":1577,"date":"2022-06-29T08:58:12","date_gmt":"2022-06-29T06:58:12","guid":{"rendered":"http:\/\/grupodeenlace.cescyl.es\/?p=1577"},"modified":"2022-06-29T09:55:44","modified_gmt":"2022-06-29T07:55:44","slug":"subvenciones-para-la-realizacion-de-actuaciones-dirigidas-a-la-mejora-del-acogimiento-residencial-de-menores-protegidos","status":"publish","type":"post","link":"https:\/\/grupodeenlace.cescyl.es\/?p=1577","title":{"rendered":"Subvenciones para la realizaci\u00f3n de actuaciones dirigidas a la mejora del acogimiento residencial de menores protegidos"},"content":{"rendered":"\n<p><\/p>\n\n\n\n<p>El BOCyL de 28 de junio de 2022 ha publicado la convocatoria de subvenciones dirigidas a la mejora del acogimiento residencial en centros de protecci\u00f3n espec\u00edficos concertados, ubicados en Castilla y Le\u00f3n, para menores protegidos por la Administraci\u00f3n de la Comunidad Aut\u00f3noma de Castilla y Le\u00f3n, en el marco del Plan de Recuperaci\u00f3n, Transformaci\u00f3n y Resiliencia, financiado por la Uni\u00f3n Europea &#8211; Next Generation EU, y al amparo del art\u00edculo 22.1 de la Ley 38\/2003, de 17 de noviembre, General de Subvenciones.<\/p>\n\n\n\n<ul class=\"wp-block-list\"><li><strong>Bases reguladoras<\/strong>: Orden FAM\/442\/2022, de 29 de abril<\/li><\/ul>\n\n\n\n<p><a href=\"https:\/\/bocyl.jcyl.es\/html\/2022\/05\/20\/html\/BOCYL-D-20052022-10.do\">https:\/\/bocyl.jcyl.es\/html\/2022\/05\/20\/html\/BOCYL-D-20052022-10.do<\/a><\/p>\n\n\n\n<ul class=\"wp-block-list\"><li><strong>Convocatoria<\/strong>: Extracto de la Resoluci\u00f3n de 20 de junio de 2022<\/li><\/ul>\n\n\n\n<p><a href=\"https:\/\/bocyl.jcyl.es\/html\/2022\/06\/28\/html\/BOCYL-D-28062022-11.do\">https:\/\/bocyl.jcyl.es\/html\/2022\/06\/28\/html\/BOCYL-D-28062022-11.do<\/a><\/p>\n\n\n\n<ul class=\"wp-block-list\"><li><strong>Tramitaci\u00f3n electr\u00f3nica<\/strong><\/li><\/ul>\n\n\n\n<p><a href=\"https:\/\/www.tramitacastillayleon.jcyl.es\/web\/jcyl\/AdministracionElectronica\/es\/Plantilla100Detalle\/1251181050732\/Ayuda012\/1285183538053\/Propuesta?utm_source=alertascontenidos&amp;utm_medium=mail&amp;utm_campaign=Ayuda\">https:\/\/www.tramitacastillayleon.jcyl.es\/web\/jcyl\/AdministracionElectronica\/es\/Plantilla100Detalle\/1251181050732\/Ayuda012\/1285183538053\/Propuesta?utm_source=alertascontenidos&amp;utm_medium=mail&amp;utm_campaign=Ayuda<\/a><\/p>\n\n\n\n<ul class=\"wp-block-list\"><li><strong>Plazo<\/strong><\/li><\/ul>\n\n\n\n<p>Desde el 29 de junio de 2022 hasta el 18 de julio de 2022<\/p>\n","protected":false},"excerpt":{"rendered":"<p>El BOCyL de 28 de junio de 2022 ha publicado la convocatoria de subvenciones dirigidas a la mejora del acogimiento residencial en centros de protecci\u00f3n espec\u00edficos concertados, ubicados en Castilla y Le\u00f3n, para menores protegidos por la Administraci\u00f3n de la Comunidad Aut\u00f3noma de Castilla y Le\u00f3n, en el marco del Plan de Recuperaci\u00f3n, Transformaci\u00f3n y &hellip; <a href=\"https:\/\/grupodeenlace.cescyl.es\/?p=1577\" class=\"more-link\">Continuar leyendo<span class=\"screen-reader-text\"> &#8220;Subvenciones para la realizaci\u00f3n de actuaciones dirigidas a la mejora del acogimiento residencial de menores protegidos&#8221;<\/span><\/a><\/p>\n","protected":false},"author":2,"featured_media":0,"comment_status":"open","ping_status":"open","sticky":false,"template":"","format":"standard","meta":{"_s2mail":"yes","footnotes":""},"categories":[5],"tags":[],"class_list":["post-1577","post","type-post","status-publish","format-standard","hentry","category-instrumentos-de-apoyo"],"_links":{"self":[{"href":"https:\/\/grupodeenlace.cescyl.es\/index.php?rest_route=\/wp\/v2\/posts\/1577","targetHints":{"allow":["GET"]}}],"collection":[{"href":"https:\/\/grupodeenlace.cescyl.es\/index.php?rest_route=\/wp\/v2\/posts"}],"about":[{"href":"https:\/\/grupodeenlace.cescyl.es\/index.php?rest_route=\/wp\/v2\/types\/post"}],"author":[{"embeddable":true,"href":"https:\/\/grupodeenlace.cescyl.es\/index.php?rest_route=\/wp\/v2\/users\/2"}],"replies":[{"embeddable":true,"href":"https:\/\/grupodeenlace.cescyl.es\/index.php?rest_route=%2Fwp%2Fv2%2Fcomments&post=1577"}],"version-history":[{"count":1,"href":"https:\/\/grupodeenlace.cescyl.es\/index.php?rest_route=\/wp\/v2\/posts\/1577\/revisions"}],"predecessor-version":[{"id":1578,"href":"https:\/\/grupodeenlace.cescyl.es\/index.php?rest_route=\/wp\/v2\/posts\/1577\/revisions\/1578"}],"wp:attachment":[{"href":"https:\/\/grupodeenlace.cescyl.es\/index.php?rest_route=%2Fwp%2Fv2%2Fmedia&parent=1577"}],"wp:term":[{"taxonomy":"category","embeddable":true,"href":"https:\/\/grupodeenlace.cescyl.es\/index.php?rest_route=%2Fwp%2Fv2%2Fcategories&post=1577"},{"taxonomy":"post_tag","embeddable":true,"href":"https:\/\/grupodeenlace.cescyl.es\/index.php?rest_route=%2Fwp%2Fv2%2Ftags&post=1577"}],"curies":[{"name":"wp","href":"https:\/\/api.w.org\/{rel}","templated":true}]}}