{"id":1582,"date":"2022-07-01T09:58:07","date_gmt":"2022-07-01T07:58:07","guid":{"rendered":"http:\/\/grupodeenlace.cescyl.es\/?p=1582"},"modified":"2022-07-01T11:45:51","modified_gmt":"2022-07-01T09:45:51","slug":"informe-sobre-la-situacion-economica-y-social-de-castilla-y-leon-en-2021%ef%bf%bc","status":"publish","type":"post","link":"https:\/\/grupodeenlace.cescyl.es\/?p=1582","title":{"rendered":"Informe sobre la situaci\u00f3n econ\u00f3mica y social de Castilla y Le\u00f3n en 2021\ufffc"},"content":{"rendered":"\n<p><\/p>\n\n\n\n<p>El jueves 30 de junio el Pleno del CES aprob\u00f3 por unanimidad el Informe sobre la situaci\u00f3n econ\u00f3mica y social de Castilla y Le\u00f3n en 2021. Un documento que se publica en versi\u00f3n electr\u00f3nica en dos Tomos y un anexo de Poblaci\u00f3n. El Tomo I es un an\u00e1lisis detallado de la econom\u00eda regional, el mercado laboral, la calidad de vida y la protecci\u00f3n social; y el Tomo II ofrece este a\u00f1o 686 recomendaciones consensuadas sobre los aspectos estudiados.<\/p>\n\n\n\n<ul class=\"wp-block-list\"><li><strong>Informe:<\/strong> <a href=\"https:\/\/www.cescyl.es\/es\/actualidad\/actualidad-cescyl\/informe-situacion-economica-social-castilla-leon-2021\">https:\/\/www.cescyl.es\/es\/actualidad\/actualidad-cescyl\/informe-situacion-economica-social-castilla-leon-2021<\/a><\/li><\/ul>\n\n\n\n<figure class=\"wp-block-image size-full is-resized\"><img loading=\"lazy\" decoding=\"async\" src=\"https:\/\/grupodeenlace.cescyl.es\/wp-content\/uploads\/2022\/07\/image.png\" alt=\"\" class=\"wp-image-1583\" width=\"606\" height=\"860\" srcset=\"https:\/\/grupodeenlace.cescyl.es\/wp-content\/uploads\/2022\/07\/image.png 404w, https:\/\/grupodeenlace.cescyl.es\/wp-content\/uploads\/2022\/07\/image-212x300.png 212w\" sizes=\"auto, (max-width: 709px) 85vw, (max-width: 909px) 67vw, (max-width: 984px) 61vw, (max-width: 1362px) 45vw, 600px\" \/><\/figure>\n","protected":false},"excerpt":{"rendered":"<p>El jueves 30 de junio el Pleno del CES aprob\u00f3 por unanimidad el Informe sobre la situaci\u00f3n econ\u00f3mica y social de Castilla y Le\u00f3n en 2021. Un documento que se publica en versi\u00f3n electr\u00f3nica en dos Tomos y un anexo de Poblaci\u00f3n. El Tomo I es un an\u00e1lisis detallado de la econom\u00eda regional, el mercado &hellip; <a href=\"https:\/\/grupodeenlace.cescyl.es\/?p=1582\" class=\"more-link\">Continuar leyendo<span class=\"screen-reader-text\"> &#8220;Informe sobre la situaci\u00f3n econ\u00f3mica y social de Castilla y Le\u00f3n en 2021\ufffc&#8221;<\/span><\/a><\/p>\n","protected":false},"author":2,"featured_media":0,"comment_status":"open","ping_status":"open","sticky":false,"template":"","format":"standard","meta":{"_s2mail":"yes","footnotes":""},"categories":[3],"tags":[],"class_list":["post-1582","post","type-post","status-publish","format-standard","hentry","category-informacion-y-publicaciones-ces"],"_links":{"self":[{"href":"https:\/\/grupodeenlace.cescyl.es\/index.php?rest_route=\/wp\/v2\/posts\/1582","targetHints":{"allow":["GET"]}}],"collection":[{"href":"https:\/\/grupodeenlace.cescyl.es\/index.php?rest_route=\/wp\/v2\/posts"}],"about":[{"href":"https:\/\/grupodeenlace.cescyl.es\/index.php?rest_route=\/wp\/v2\/types\/post"}],"author":[{"embeddable":true,"href":"https:\/\/grupodeenlace.cescyl.es\/index.php?rest_route=\/wp\/v2\/users\/2"}],"replies":[{"embeddable":true,"href":"https:\/\/grupodeenlace.cescyl.es\/index.php?rest_route=%2Fwp%2Fv2%2Fcomments&post=1582"}],"version-history":[{"count":1,"href":"https:\/\/grupodeenlace.cescyl.es\/index.php?rest_route=\/wp\/v2\/posts\/1582\/revisions"}],"predecessor-version":[{"id":1584,"href":"https:\/\/grupodeenlace.cescyl.es\/index.php?rest_route=\/wp\/v2\/posts\/1582\/revisions\/1584"}],"wp:attachment":[{"href":"https:\/\/grupodeenlace.cescyl.es\/index.php?rest_route=%2Fwp%2Fv2%2Fmedia&parent=1582"}],"wp:term":[{"taxonomy":"category","embeddable":true,"href":"https:\/\/grupodeenlace.cescyl.es\/index.php?rest_route=%2Fwp%2Fv2%2Fcategories&post=1582"},{"taxonomy":"post_tag","embeddable":true,"href":"https:\/\/grupodeenlace.cescyl.es\/index.php?rest_route=%2Fwp%2Fv2%2Ftags&post=1582"}],"curies":[{"name":"wp","href":"https:\/\/api.w.org\/{rel}","templated":true}]}}