{"id":1676,"date":"2022-10-05T09:56:22","date_gmt":"2022-10-05T07:56:22","guid":{"rendered":"http:\/\/grupodeenlace.cescyl.es\/?p=1676"},"modified":"2022-10-20T15:15:58","modified_gmt":"2022-10-20T13:15:58","slug":"subvenciones-dirigidas-a-fomentar-el-empleo-de-personas-trabajadoras-con-discapacidad%ef%bf%bc","status":"publish","type":"post","link":"https:\/\/grupodeenlace.cescyl.es\/?p=1676","title":{"rendered":"Subvenciones dirigidas a fomentar el empleo de personas trabajadoras con discapacidad"},"content":{"rendered":"\n<p><\/p>\n\n\n\n<p>En el BOCyL de 4 de octubre de 2022 se convocan para el a\u00f1o 2022 subvenciones en los siguientes programas y de acuerdo con su regulaci\u00f3n espec\u00edfica:<\/p>\n\n\n\n<ul class=\"wp-block-list\"><li>Programa I: Fomento de la contrataci\u00f3n indefinida y transformaci\u00f3n en indefinidos de contratos de personas trabajadoras con discapacidad.<\/li><li>Programa II: Fomento de la adaptaci\u00f3n del puesto de trabajo o dotaci\u00f3n de medios de protecci\u00f3n personal de personas trabajadoras con discapacidad.<\/li><li>Programa III: Fomento del tr\u00e1nsito del empleo protegido de los enclaves laborales al mercado de trabajo ordinario.<\/li><\/ul>\n\n\n\n<ul class=\"wp-block-list\"><li><strong>EXTRACTO de la Orden de 29 de septiembre de 2022, de la Consejer\u00eda de Industria, Comercio y Empleo<\/strong><strong><\/strong><\/li><\/ul>\n\n\n\n<p><a href=\"https:\/\/bocyl.jcyl.es\/html\/2022\/10\/04\/html\/BOCYL-D-04102022-12.do\">https:\/\/bocyl.jcyl.es\/html\/2022\/10\/04\/html\/BOCYL-D-04102022-12.do<\/a><\/p>\n\n\n\n<ul class=\"wp-block-list\"><li><strong>Tramitaci\u00f3n electr\u00f3nica:<\/strong><\/li><\/ul>\n\n\n\n<p><a href=\"https:\/\/www.tramitacastillayleon.jcyl.es\/web\/jcyl\/AdministracionElectronica\/es\/Plantilla100Detalle\/1251181050732\/Ayuda012\/1285208584805\/Propuesta\">https:\/\/www.tramitacastillayleon.jcyl.es\/web\/jcyl\/AdministracionElectronica\/es\/Plantilla100Detalle\/1251181050732\/Ayuda012\/1285208584805\/Propuesta<\/a><\/p>\n\n\n\n<ul class=\"wp-block-list\"><li><strong>Plazo<\/strong><\/li><\/ul>\n\n\n\n<p>Hasta el 14 de octubre<\/p>\n","protected":false},"excerpt":{"rendered":"<p>En el BOCyL de 4 de octubre de 2022 se convocan para el a\u00f1o 2022 subvenciones en los siguientes programas y de acuerdo con su regulaci\u00f3n espec\u00edfica: Programa I: Fomento de la contrataci\u00f3n indefinida y transformaci\u00f3n en indefinidos de contratos de personas trabajadoras con discapacidad. Programa II: Fomento de la adaptaci\u00f3n del puesto de trabajo &hellip; <a href=\"https:\/\/grupodeenlace.cescyl.es\/?p=1676\" class=\"more-link\">Continuar leyendo<span class=\"screen-reader-text\"> &#8220;Subvenciones dirigidas a fomentar el empleo de personas trabajadoras con discapacidad&#8221;<\/span><\/a><\/p>\n","protected":false},"author":2,"featured_media":0,"comment_status":"closed","ping_status":"open","sticky":false,"template":"","format":"standard","meta":{"_s2mail":"yes","footnotes":""},"categories":[5],"tags":[],"class_list":["post-1676","post","type-post","status-publish","format-standard","hentry","category-instrumentos-de-apoyo"],"_links":{"self":[{"href":"https:\/\/grupodeenlace.cescyl.es\/index.php?rest_route=\/wp\/v2\/posts\/1676","targetHints":{"allow":["GET"]}}],"collection":[{"href":"https:\/\/grupodeenlace.cescyl.es\/index.php?rest_route=\/wp\/v2\/posts"}],"about":[{"href":"https:\/\/grupodeenlace.cescyl.es\/index.php?rest_route=\/wp\/v2\/types\/post"}],"author":[{"embeddable":true,"href":"https:\/\/grupodeenlace.cescyl.es\/index.php?rest_route=\/wp\/v2\/users\/2"}],"replies":[{"embeddable":true,"href":"https:\/\/grupodeenlace.cescyl.es\/index.php?rest_route=%2Fwp%2Fv2%2Fcomments&post=1676"}],"version-history":[{"count":2,"href":"https:\/\/grupodeenlace.cescyl.es\/index.php?rest_route=\/wp\/v2\/posts\/1676\/revisions"}],"predecessor-version":[{"id":1678,"href":"https:\/\/grupodeenlace.cescyl.es\/index.php?rest_route=\/wp\/v2\/posts\/1676\/revisions\/1678"}],"wp:attachment":[{"href":"https:\/\/grupodeenlace.cescyl.es\/index.php?rest_route=%2Fwp%2Fv2%2Fmedia&parent=1676"}],"wp:term":[{"taxonomy":"category","embeddable":true,"href":"https:\/\/grupodeenlace.cescyl.es\/index.php?rest_route=%2Fwp%2Fv2%2Fcategories&post=1676"},{"taxonomy":"post_tag","embeddable":true,"href":"https:\/\/grupodeenlace.cescyl.es\/index.php?rest_route=%2Fwp%2Fv2%2Ftags&post=1676"}],"curies":[{"name":"wp","href":"https:\/\/api.w.org\/{rel}","templated":true}]}}