{"id":1680,"date":"2022-10-10T08:11:09","date_gmt":"2022-10-10T06:11:09","guid":{"rendered":"http:\/\/grupodeenlace.cescyl.es\/?p=1680"},"modified":"2022-10-20T15:15:53","modified_gmt":"2022-10-20T13:15:53","slug":"i-certamen-literario-de-participacion-social","status":"publish","type":"post","link":"https:\/\/grupodeenlace.cescyl.es\/?p=1680","title":{"rendered":"I Certamen Literario de Participaci\u00f3n Social"},"content":{"rendered":"\n<p><\/p>\n\n\n\n<p>El Norte de Castilla y el Consejo Econ\u00f3mico y Social de Castilla y Le\u00f3n han organizado el I Certamen Literario de Participaci\u00f3n Social, con dos categor\u00edas:<\/p>\n\n\n\n<ul class=\"wp-block-list\"><li><strong>Categor\u00eda libre<\/strong> (abierta a todos los ciudadanos de Castilla y Le\u00f3n)<\/li><\/ul>\n\n\n\n<ul class=\"wp-block-list\"><li><strong>Bachillerato y FP<\/strong> (destinada a alumnos y alumnas de Bachillerato y Formaci\u00f3n Profesional de todos los centros de la Comunidad)<\/li><\/ul>\n\n\n\n<p>Las obras han de tratar sobre la promoci\u00f3n de los valores de participaci\u00f3n social como pilar fundamental del estado de derecho y la convivencia democr\u00e1tica.&nbsp;<\/p>\n\n\n\n<p>Puede consultar las bases del concurso a trav\u00e9s del siguiente enlace: \u00a0<a href=\"https:\/\/cutt.ly\/ZBi0sls\">https:\/\/cutt.ly\/ZBi0sls<\/a><\/p>\n\n\n\n<p><\/p>\n\n\n\n<figure class=\"wp-block-image size-full\"><img loading=\"lazy\" decoding=\"async\" width=\"712\" height=\"339\" src=\"https:\/\/grupodeenlace.cescyl.es\/wp-content\/uploads\/2022\/10\/image.png\" alt=\"\" class=\"wp-image-1681\" srcset=\"https:\/\/grupodeenlace.cescyl.es\/wp-content\/uploads\/2022\/10\/image.png 712w, https:\/\/grupodeenlace.cescyl.es\/wp-content\/uploads\/2022\/10\/image-300x143.png 300w\" sizes=\"auto, (max-width: 709px) 85vw, (max-width: 909px) 67vw, (max-width: 984px) 61vw, (max-width: 1362px) 45vw, 600px\" \/><\/figure>\n","protected":false},"excerpt":{"rendered":"<p>El Norte de Castilla y el Consejo Econ\u00f3mico y Social de Castilla y Le\u00f3n han organizado el I Certamen Literario de Participaci\u00f3n Social, con dos categor\u00edas: Categor\u00eda libre (abierta a todos los ciudadanos de Castilla y Le\u00f3n) Bachillerato y FP (destinada a alumnos y alumnas de Bachillerato y Formaci\u00f3n Profesional de todos los centros de &hellip; <a href=\"https:\/\/grupodeenlace.cescyl.es\/?p=1680\" class=\"more-link\">Continuar leyendo<span class=\"screen-reader-text\"> &#8220;I Certamen Literario de Participaci\u00f3n Social&#8221;<\/span><\/a><\/p>\n","protected":false},"author":2,"featured_media":0,"comment_status":"closed","ping_status":"open","sticky":false,"template":"","format":"standard","meta":{"_s2mail":"yes","footnotes":""},"categories":[3],"tags":[],"class_list":["post-1680","post","type-post","status-publish","format-standard","hentry","category-informacion-y-publicaciones-ces"],"_links":{"self":[{"href":"https:\/\/grupodeenlace.cescyl.es\/index.php?rest_route=\/wp\/v2\/posts\/1680","targetHints":{"allow":["GET"]}}],"collection":[{"href":"https:\/\/grupodeenlace.cescyl.es\/index.php?rest_route=\/wp\/v2\/posts"}],"about":[{"href":"https:\/\/grupodeenlace.cescyl.es\/index.php?rest_route=\/wp\/v2\/types\/post"}],"author":[{"embeddable":true,"href":"https:\/\/grupodeenlace.cescyl.es\/index.php?rest_route=\/wp\/v2\/users\/2"}],"replies":[{"embeddable":true,"href":"https:\/\/grupodeenlace.cescyl.es\/index.php?rest_route=%2Fwp%2Fv2%2Fcomments&post=1680"}],"version-history":[{"count":1,"href":"https:\/\/grupodeenlace.cescyl.es\/index.php?rest_route=\/wp\/v2\/posts\/1680\/revisions"}],"predecessor-version":[{"id":1682,"href":"https:\/\/grupodeenlace.cescyl.es\/index.php?rest_route=\/wp\/v2\/posts\/1680\/revisions\/1682"}],"wp:attachment":[{"href":"https:\/\/grupodeenlace.cescyl.es\/index.php?rest_route=%2Fwp%2Fv2%2Fmedia&parent=1680"}],"wp:term":[{"taxonomy":"category","embeddable":true,"href":"https:\/\/grupodeenlace.cescyl.es\/index.php?rest_route=%2Fwp%2Fv2%2Fcategories&post=1680"},{"taxonomy":"post_tag","embeddable":true,"href":"https:\/\/grupodeenlace.cescyl.es\/index.php?rest_route=%2Fwp%2Fv2%2Ftags&post=1680"}],"curies":[{"name":"wp","href":"https:\/\/api.w.org\/{rel}","templated":true}]}}