{"id":1686,"date":"2022-10-14T09:21:47","date_gmt":"2022-10-14T07:21:47","guid":{"rendered":"http:\/\/grupodeenlace.cescyl.es\/?p=1686"},"modified":"2022-10-20T15:15:42","modified_gmt":"2022-10-20T13:15:42","slug":"presentacion-del-xii-informe-el-estado-de-la-pobreza-y-la-exclusion-social-en-castilla-y-leon-post-covid-19-eapn-castilla-y-leon","status":"publish","type":"post","link":"https:\/\/grupodeenlace.cescyl.es\/?p=1686","title":{"rendered":"Presentaci\u00f3n del XII Informe \u00abEl Estado de la Pobreza y la Exclusi\u00f3n Social en Castilla y Le\u00f3n post COVID-19\u00bb (EAPN Castilla y Le\u00f3n)\u00a0"},"content":{"rendered":"\n<p>El pr\u00f3ximo 17 de octubre de 2022 la Red Europea de Lucha Contra la Pobreza y la Exclusi\u00f3n Social en Castilla y Le\u00f3n (EAPN CYL) presenta el XII Informe \u00abEl Estado de la Pobreza y la Exclusi\u00f3n Social en Castilla y Le\u00f3n post COVID-19\u00bb, donde por primera vez se van a recoger los datos oficiales de pobreza tras la pandemia de la COVID-19.<\/p>\n\n\n\n<ul class=\"wp-block-list\"><li>Informaci\u00f3n del acto: <a href=\"https:\/\/www.eapncastillayleon.es\/informexii\/\">https:\/\/www.eapncastillayleon.es\/informexii\/<\/a><\/li><\/ul>\n\n\n\n<ul class=\"wp-block-list\"><li>Transmisi\u00f3n del acto: <a href=\"https:\/\/youtu.be\/QKnEbFobHjo\">https:\/\/youtu.be\/QKnEbFobHjo<\/a><\/li><\/ul>\n\n\n\n<figure class=\"wp-block-image size-large\"><img loading=\"lazy\" decoding=\"async\" width=\"1024\" height=\"732\" src=\"https:\/\/grupodeenlace.cescyl.es\/wp-content\/uploads\/2022\/10\/imagen-1024x732.png\" alt=\"\" class=\"wp-image-1687\" srcset=\"https:\/\/grupodeenlace.cescyl.es\/wp-content\/uploads\/2022\/10\/imagen-1024x732.png 1024w, https:\/\/grupodeenlace.cescyl.es\/wp-content\/uploads\/2022\/10\/imagen-300x214.png 300w, https:\/\/grupodeenlace.cescyl.es\/wp-content\/uploads\/2022\/10\/imagen-768x549.png 768w, https:\/\/grupodeenlace.cescyl.es\/wp-content\/uploads\/2022\/10\/imagen-1536x1097.png 1536w, https:\/\/grupodeenlace.cescyl.es\/wp-content\/uploads\/2022\/10\/imagen-1200x857.png 1200w, https:\/\/grupodeenlace.cescyl.es\/wp-content\/uploads\/2022\/10\/imagen.png 2000w\" sizes=\"auto, (max-width: 709px) 85vw, (max-width: 909px) 67vw, (max-width: 1362px) 62vw, 840px\" \/><\/figure>\n","protected":false},"excerpt":{"rendered":"<p>El pr\u00f3ximo 17 de octubre de 2022 la Red Europea de Lucha Contra la Pobreza y la Exclusi\u00f3n Social en Castilla y Le\u00f3n (EAPN CYL) presenta el XII Informe \u00abEl Estado de la Pobreza y la Exclusi\u00f3n Social en Castilla y Le\u00f3n post COVID-19\u00bb, donde por primera vez se van a recoger los datos oficiales &hellip; <a href=\"https:\/\/grupodeenlace.cescyl.es\/?p=1686\" class=\"more-link\">Continuar leyendo<span class=\"screen-reader-text\"> &#8220;Presentaci\u00f3n del XII Informe \u00abEl Estado de la Pobreza y la Exclusi\u00f3n Social en Castilla y Le\u00f3n post COVID-19\u00bb (EAPN Castilla y Le\u00f3n)\u00a0&#8220;<\/span><\/a><\/p>\n","protected":false},"author":2,"featured_media":0,"comment_status":"closed","ping_status":"open","sticky":false,"template":"","format":"standard","meta":{"_s2mail":"","footnotes":""},"categories":[10],"tags":[],"class_list":["post-1686","post","type-post","status-publish","format-standard","hentry","category-noticias-de-los-miembros-del-grupo"],"_links":{"self":[{"href":"https:\/\/grupodeenlace.cescyl.es\/index.php?rest_route=\/wp\/v2\/posts\/1686","targetHints":{"allow":["GET"]}}],"collection":[{"href":"https:\/\/grupodeenlace.cescyl.es\/index.php?rest_route=\/wp\/v2\/posts"}],"about":[{"href":"https:\/\/grupodeenlace.cescyl.es\/index.php?rest_route=\/wp\/v2\/types\/post"}],"author":[{"embeddable":true,"href":"https:\/\/grupodeenlace.cescyl.es\/index.php?rest_route=\/wp\/v2\/users\/2"}],"replies":[{"embeddable":true,"href":"https:\/\/grupodeenlace.cescyl.es\/index.php?rest_route=%2Fwp%2Fv2%2Fcomments&post=1686"}],"version-history":[{"count":1,"href":"https:\/\/grupodeenlace.cescyl.es\/index.php?rest_route=\/wp\/v2\/posts\/1686\/revisions"}],"predecessor-version":[{"id":1688,"href":"https:\/\/grupodeenlace.cescyl.es\/index.php?rest_route=\/wp\/v2\/posts\/1686\/revisions\/1688"}],"wp:attachment":[{"href":"https:\/\/grupodeenlace.cescyl.es\/index.php?rest_route=%2Fwp%2Fv2%2Fmedia&parent=1686"}],"wp:term":[{"taxonomy":"category","embeddable":true,"href":"https:\/\/grupodeenlace.cescyl.es\/index.php?rest_route=%2Fwp%2Fv2%2Fcategories&post=1686"},{"taxonomy":"post_tag","embeddable":true,"href":"https:\/\/grupodeenlace.cescyl.es\/index.php?rest_route=%2Fwp%2Fv2%2Ftags&post=1686"}],"curies":[{"name":"wp","href":"https:\/\/api.w.org\/{rel}","templated":true}]}}