{"id":1705,"date":"2022-10-24T12:59:23","date_gmt":"2022-10-24T10:59:23","guid":{"rendered":"http:\/\/grupodeenlace.cescyl.es\/?p=1705"},"modified":"2022-10-24T13:18:02","modified_gmt":"2022-10-24T11:18:02","slug":"el-colectivo-tierra-de-campos-organizo-una-jornada-sobre-cosmetica-apicola-en-san-pedro-de-latarce","status":"publish","type":"post","link":"https:\/\/grupodeenlace.cescyl.es\/?p=1705","title":{"rendered":"El Colectivo Tierra de Campos organiz\u00f3 una jornada sobre cosm\u00e9tica ap\u00edcola en San Pedro de Latarce"},"content":{"rendered":"\n<p><\/p>\n\n\n\n<p>El pasado 22 de octubre de 2022 medio centenar de personas participaron en la cuarta jornada formativa enmarcada en la Estrategia de Emprendimiento de la Mujer Rural de \u2018Campos y Torozos\u2019 sobre cosm\u00e9tica ap\u00edcola.<\/p>\n\n\n\n<p>En los \u00faltimos a\u00f1os se ha venido presentando un gran desarrollo de la apicultura en el medio rural, tanto a nivel amateur, semi y profesional, siendo una actividad con gran potencial econ\u00f3mico y sostenible<\/p>\n\n\n\n<ul class=\"wp-block-list\"><li><a href=\"https:\/\/www.somostierradecampos.com\/2022\/10\/24\/el-colectivo-tierra-de-campos-organiza-una-jornada-sobre-cosmetica-apicola-en-san-pedro-de-latarce\/\">https:\/\/www.somostierradecampos.com\/2022\/10\/24\/el-colectivo-tierra-de-campos-organiza-una-jornada-sobre-cosmetica-apicola-en-san-pedro-de-latarce\/<\/a><\/li><\/ul>\n\n\n\n<figure class=\"wp-block-image size-full\"><img loading=\"lazy\" decoding=\"async\" width=\"704\" height=\"434\" src=\"https:\/\/grupodeenlace.cescyl.es\/wp-content\/uploads\/2022\/10\/image-3.png\" alt=\"\" class=\"wp-image-1706\" srcset=\"https:\/\/grupodeenlace.cescyl.es\/wp-content\/uploads\/2022\/10\/image-3.png 704w, https:\/\/grupodeenlace.cescyl.es\/wp-content\/uploads\/2022\/10\/image-3-300x185.png 300w\" sizes=\"auto, (max-width: 709px) 85vw, (max-width: 909px) 67vw, (max-width: 984px) 61vw, (max-width: 1362px) 45vw, 600px\" \/><\/figure>\n","protected":false},"excerpt":{"rendered":"<p>El pasado 22 de octubre de 2022 medio centenar de personas participaron en la cuarta jornada formativa enmarcada en la Estrategia de Emprendimiento de la Mujer Rural de \u2018Campos y Torozos\u2019 sobre cosm\u00e9tica ap\u00edcola. En los \u00faltimos a\u00f1os se ha venido presentando un gran desarrollo de la apicultura en el medio rural, tanto a nivel &hellip; <a href=\"https:\/\/grupodeenlace.cescyl.es\/?p=1705\" class=\"more-link\">Continuar leyendo<span class=\"screen-reader-text\"> &#8220;El Colectivo Tierra de Campos organiz\u00f3 una jornada sobre cosm\u00e9tica ap\u00edcola en San Pedro de Latarce&#8221;<\/span><\/a><\/p>\n","protected":false},"author":2,"featured_media":0,"comment_status":"open","ping_status":"open","sticky":false,"template":"","format":"standard","meta":{"_s2mail":"yes","footnotes":""},"categories":[10],"tags":[],"class_list":["post-1705","post","type-post","status-publish","format-standard","hentry","category-noticias-de-los-miembros-del-grupo"],"_links":{"self":[{"href":"https:\/\/grupodeenlace.cescyl.es\/index.php?rest_route=\/wp\/v2\/posts\/1705","targetHints":{"allow":["GET"]}}],"collection":[{"href":"https:\/\/grupodeenlace.cescyl.es\/index.php?rest_route=\/wp\/v2\/posts"}],"about":[{"href":"https:\/\/grupodeenlace.cescyl.es\/index.php?rest_route=\/wp\/v2\/types\/post"}],"author":[{"embeddable":true,"href":"https:\/\/grupodeenlace.cescyl.es\/index.php?rest_route=\/wp\/v2\/users\/2"}],"replies":[{"embeddable":true,"href":"https:\/\/grupodeenlace.cescyl.es\/index.php?rest_route=%2Fwp%2Fv2%2Fcomments&post=1705"}],"version-history":[{"count":1,"href":"https:\/\/grupodeenlace.cescyl.es\/index.php?rest_route=\/wp\/v2\/posts\/1705\/revisions"}],"predecessor-version":[{"id":1707,"href":"https:\/\/grupodeenlace.cescyl.es\/index.php?rest_route=\/wp\/v2\/posts\/1705\/revisions\/1707"}],"wp:attachment":[{"href":"https:\/\/grupodeenlace.cescyl.es\/index.php?rest_route=%2Fwp%2Fv2%2Fmedia&parent=1705"}],"wp:term":[{"taxonomy":"category","embeddable":true,"href":"https:\/\/grupodeenlace.cescyl.es\/index.php?rest_route=%2Fwp%2Fv2%2Fcategories&post=1705"},{"taxonomy":"post_tag","embeddable":true,"href":"https:\/\/grupodeenlace.cescyl.es\/index.php?rest_route=%2Fwp%2Fv2%2Ftags&post=1705"}],"curies":[{"name":"wp","href":"https:\/\/api.w.org\/{rel}","templated":true}]}}