{"id":1799,"date":"2023-01-09T15:15:45","date_gmt":"2023-01-09T13:15:45","guid":{"rendered":"http:\/\/grupodeenlace.cescyl.es\/?p=1799"},"modified":"2023-01-09T15:48:13","modified_gmt":"2023-01-09T13:48:13","slug":"boletin-informativo-de-la-asociacion-de-ayuda-a-la-mujer-plaza-mayor-noviembre-diciembre-2022","status":"publish","type":"post","link":"https:\/\/grupodeenlace.cescyl.es\/?p=1799","title":{"rendered":"<strong>Bolet\u00edn informativo de la Asociaci\u00f3n de ayuda a la mujer Plaza Mayor (noviembre-diciembre 2022)<\/strong>"},"content":{"rendered":"\n<p><\/p>\n\n\n\n<p>La Asociaci\u00f3n de ayuda a la mujer Plaza Mayor publica un Bolet\u00edn informativo sobre las actuaciones de la asociaci\u00f3n y noticias relacionadas con la sensibilizaci\u00f3n en igualdad y la prevenci\u00f3n de la violencia de g\u00e9nero.<\/p>\n\n\n\n<p><a href=\"https:\/\/mailchi.mp\/e4eb239393d5\/boletn-marzo-abril-asociacin-de-ayuda-a-la-mujer-asociacin-plaza-mayor-16696323?e=daacf36094\">https:\/\/mailchi.mp\/e4eb239393d5\/boletn-marzo-abril-asociacin-de-ayuda-a-la-mujer-asociacin-plaza-mayor-16696323?e=daacf36094<\/a><\/p>\n\n\n\n<p><\/p>\n\n\n\n<figure class=\"wp-block-image size-full\"><img loading=\"lazy\" decoding=\"async\" width=\"732\" height=\"274\" src=\"https:\/\/grupodeenlace.cescyl.es\/wp-content\/uploads\/2023\/01\/image.png\" alt=\"\" class=\"wp-image-1800\" srcset=\"https:\/\/grupodeenlace.cescyl.es\/wp-content\/uploads\/2023\/01\/image.png 732w, https:\/\/grupodeenlace.cescyl.es\/wp-content\/uploads\/2023\/01\/image-300x112.png 300w\" sizes=\"auto, (max-width: 709px) 85vw, (max-width: 909px) 67vw, (max-width: 984px) 61vw, (max-width: 1362px) 45vw, 600px\" \/><\/figure>\n","protected":false},"excerpt":{"rendered":"<p>La Asociaci\u00f3n de ayuda a la mujer Plaza Mayor publica un Bolet\u00edn informativo sobre las actuaciones de la asociaci\u00f3n y noticias relacionadas con la sensibilizaci\u00f3n en igualdad y la prevenci\u00f3n de la violencia de g\u00e9nero. https:\/\/mailchi.mp\/e4eb239393d5\/boletn-marzo-abril-asociacin-de-ayuda-a-la-mujer-asociacin-plaza-mayor-16696323?e=daacf36094<\/p>\n","protected":false},"author":2,"featured_media":0,"comment_status":"closed","ping_status":"closed","sticky":false,"template":"","format":"standard","meta":{"_s2mail":"","footnotes":""},"categories":[10],"tags":[],"class_list":["post-1799","post","type-post","status-publish","format-standard","hentry","category-noticias-de-los-miembros-del-grupo"],"_links":{"self":[{"href":"https:\/\/grupodeenlace.cescyl.es\/index.php?rest_route=\/wp\/v2\/posts\/1799","targetHints":{"allow":["GET"]}}],"collection":[{"href":"https:\/\/grupodeenlace.cescyl.es\/index.php?rest_route=\/wp\/v2\/posts"}],"about":[{"href":"https:\/\/grupodeenlace.cescyl.es\/index.php?rest_route=\/wp\/v2\/types\/post"}],"author":[{"embeddable":true,"href":"https:\/\/grupodeenlace.cescyl.es\/index.php?rest_route=\/wp\/v2\/users\/2"}],"replies":[{"embeddable":true,"href":"https:\/\/grupodeenlace.cescyl.es\/index.php?rest_route=%2Fwp%2Fv2%2Fcomments&post=1799"}],"version-history":[{"count":1,"href":"https:\/\/grupodeenlace.cescyl.es\/index.php?rest_route=\/wp\/v2\/posts\/1799\/revisions"}],"predecessor-version":[{"id":1801,"href":"https:\/\/grupodeenlace.cescyl.es\/index.php?rest_route=\/wp\/v2\/posts\/1799\/revisions\/1801"}],"wp:attachment":[{"href":"https:\/\/grupodeenlace.cescyl.es\/index.php?rest_route=%2Fwp%2Fv2%2Fmedia&parent=1799"}],"wp:term":[{"taxonomy":"category","embeddable":true,"href":"https:\/\/grupodeenlace.cescyl.es\/index.php?rest_route=%2Fwp%2Fv2%2Fcategories&post=1799"},{"taxonomy":"post_tag","embeddable":true,"href":"https:\/\/grupodeenlace.cescyl.es\/index.php?rest_route=%2Fwp%2Fv2%2Ftags&post=1799"}],"curies":[{"name":"wp","href":"https:\/\/api.w.org\/{rel}","templated":true}]}}