{"id":1803,"date":"2023-01-09T15:19:26","date_gmt":"2023-01-09T13:19:26","guid":{"rendered":"http:\/\/grupodeenlace.cescyl.es\/?p=1803"},"modified":"2023-01-09T15:47:21","modified_gmt":"2023-01-09T13:47:21","slug":"blog-digital-contamos-de-la-federacion-salud-mental-castilla-y-leon-diciembre-2022","status":"publish","type":"post","link":"https:\/\/grupodeenlace.cescyl.es\/?p=1803","title":{"rendered":"<strong>Blog Digital \u201cCONTAMOS\u201d de la Federaci\u00f3n SALUD MENTAL Castilla y Le\u00f3n (diciembre 2022)<\/strong>"},"content":{"rendered":"\n<p><\/p>\n\n\n\n<p>La Federaci\u00f3n SALUD MENTAL Castilla y Le\u00f3n publica, con car\u00e1cter mensual, un Bolet\u00edn con informaci\u00f3n en el \u00e1mbito de la salud mental en Castilla y Le\u00f3n.<\/p>\n\n\n\n<ul class=\"wp-block-list\">\n<li>Suscripci\u00f3n: <a href=\"https:\/\/saludmentalcyl.ipzmarketing.com\/f\/9OCZLK5S9Jg\">https:\/\/saludmentalcyl.ipzmarketing.com\/f\/9OCZLK5S9Jg<\/a><\/li>\n<\/ul>\n\n\n\n<ul class=\"wp-block-list\">\n<li>Bolet\u00edn: <a href=\"https:\/\/boletin.saludmentalcyl.org\/web_version\/j4gnr\/v3oo0mmb\">https:\/\/boletin.saludmentalcyl.org\/web_version\/j4gnr\/v3oo0mmb<\/a><\/li>\n<\/ul>\n\n\n\n<p><\/p>\n\n\n\n<figure class=\"wp-block-image size-full\"><img loading=\"lazy\" decoding=\"async\" width=\"673\" height=\"241\" src=\"https:\/\/grupodeenlace.cescyl.es\/wp-content\/uploads\/2023\/01\/image-1.png\" alt=\"\" class=\"wp-image-1804\" srcset=\"https:\/\/grupodeenlace.cescyl.es\/wp-content\/uploads\/2023\/01\/image-1.png 673w, https:\/\/grupodeenlace.cescyl.es\/wp-content\/uploads\/2023\/01\/image-1-300x107.png 300w\" sizes=\"auto, (max-width: 709px) 85vw, (max-width: 909px) 67vw, (max-width: 984px) 61vw, (max-width: 1362px) 45vw, 600px\" \/><\/figure>\n","protected":false},"excerpt":{"rendered":"<p>La Federaci\u00f3n SALUD MENTAL Castilla y Le\u00f3n publica, con car\u00e1cter mensual, un Bolet\u00edn con informaci\u00f3n en el \u00e1mbito de la salud mental en Castilla y Le\u00f3n.<\/p>\n","protected":false},"author":2,"featured_media":0,"comment_status":"closed","ping_status":"closed","sticky":false,"template":"","format":"standard","meta":{"_s2mail":"yes","footnotes":""},"categories":[10],"tags":[],"class_list":["post-1803","post","type-post","status-publish","format-standard","hentry","category-noticias-de-los-miembros-del-grupo"],"_links":{"self":[{"href":"https:\/\/grupodeenlace.cescyl.es\/index.php?rest_route=\/wp\/v2\/posts\/1803","targetHints":{"allow":["GET"]}}],"collection":[{"href":"https:\/\/grupodeenlace.cescyl.es\/index.php?rest_route=\/wp\/v2\/posts"}],"about":[{"href":"https:\/\/grupodeenlace.cescyl.es\/index.php?rest_route=\/wp\/v2\/types\/post"}],"author":[{"embeddable":true,"href":"https:\/\/grupodeenlace.cescyl.es\/index.php?rest_route=\/wp\/v2\/users\/2"}],"replies":[{"embeddable":true,"href":"https:\/\/grupodeenlace.cescyl.es\/index.php?rest_route=%2Fwp%2Fv2%2Fcomments&post=1803"}],"version-history":[{"count":1,"href":"https:\/\/grupodeenlace.cescyl.es\/index.php?rest_route=\/wp\/v2\/posts\/1803\/revisions"}],"predecessor-version":[{"id":1805,"href":"https:\/\/grupodeenlace.cescyl.es\/index.php?rest_route=\/wp\/v2\/posts\/1803\/revisions\/1805"}],"wp:attachment":[{"href":"https:\/\/grupodeenlace.cescyl.es\/index.php?rest_route=%2Fwp%2Fv2%2Fmedia&parent=1803"}],"wp:term":[{"taxonomy":"category","embeddable":true,"href":"https:\/\/grupodeenlace.cescyl.es\/index.php?rest_route=%2Fwp%2Fv2%2Fcategories&post=1803"},{"taxonomy":"post_tag","embeddable":true,"href":"https:\/\/grupodeenlace.cescyl.es\/index.php?rest_route=%2Fwp%2Fv2%2Ftags&post=1803"}],"curies":[{"name":"wp","href":"https:\/\/api.w.org\/{rel}","templated":true}]}}