{"id":1811,"date":"2023-01-20T13:18:08","date_gmt":"2023-01-20T11:18:08","guid":{"rendered":"http:\/\/grupodeenlace.cescyl.es\/?p=1811"},"modified":"2023-01-20T16:12:45","modified_gmt":"2023-01-20T14:12:45","slug":"informe-previo-del-ces-sobre-el-anteproyecto-de-ley-de-apoyos-al-proyecto-de-vida-de-las-personas-con-discapacidad-en-castilla-y-leon","status":"publish","type":"post","link":"https:\/\/grupodeenlace.cescyl.es\/?p=1811","title":{"rendered":"<strong>Informe Previo del CES sobre el Anteproyecto de Ley de apoyos al proyecto de vida de las personas con discapacidad en Castilla y Le\u00f3n<\/strong>"},"content":{"rendered":"\n<p><\/p>\n\n\n\n<p>En el Pleno del Consejo Econ\u00f3mico y Social de Castilla y Le\u00f3n de 19 de enero de 2023 se aprob\u00f3 el Informe Previo sobre el Anteproyecto de Ley de apoyos al proyecto de vida de las personas con discapacidad en Castilla y Le\u00f3n.<\/p>\n\n\n\n<p><strong>Informe:<\/strong><a href=\"https:\/\/www.cescyl.es\/es\/publicaciones\/informes-previos\/informe-previo-anteproyecto-ley-apoyos-proyecto-vida-p-a4a4\">https:\/\/www.cescyl.es\/es\/publicaciones\/informes-previos\/informe-previo-anteproyecto-ley-apoyos-proyecto-vida-p-a4a4<\/a><\/p>\n\n\n\n<p><\/p>\n\n\n\n<figure class=\"wp-block-image size-full is-resized\"><img loading=\"lazy\" decoding=\"async\" src=\"https:\/\/grupodeenlace.cescyl.es\/wp-content\/uploads\/2023\/01\/image-3.png\" alt=\"\" class=\"wp-image-1812\" width=\"621\" height=\"850\" srcset=\"https:\/\/grupodeenlace.cescyl.es\/wp-content\/uploads\/2023\/01\/image-3.png 555w, https:\/\/grupodeenlace.cescyl.es\/wp-content\/uploads\/2023\/01\/image-3-219x300.png 219w\" sizes=\"auto, (max-width: 709px) 85vw, (max-width: 909px) 67vw, (max-width: 984px) 61vw, (max-width: 1362px) 45vw, 600px\" \/><\/figure>\n","protected":false},"excerpt":{"rendered":"<p>En el Pleno del Consejo Econ\u00f3mico y Social de Castilla y Le\u00f3n de 19 de enero de 2023 se aprob\u00f3 el Informe Previo sobre el Anteproyecto de Ley de apoyos al proyecto de vida de las personas con discapacidad en Castilla y Le\u00f3n. Informe:https:\/\/www.cescyl.es\/es\/publicaciones\/informes-previos\/informe-previo-anteproyecto-ley-apoyos-proyecto-vida-p-a4a4<\/p>\n","protected":false},"author":2,"featured_media":0,"comment_status":"closed","ping_status":"closed","sticky":false,"template":"","format":"standard","meta":{"_s2mail":"","footnotes":""},"categories":[3],"tags":[],"class_list":["post-1811","post","type-post","status-publish","format-standard","hentry","category-informacion-y-publicaciones-ces"],"_links":{"self":[{"href":"https:\/\/grupodeenlace.cescyl.es\/index.php?rest_route=\/wp\/v2\/posts\/1811","targetHints":{"allow":["GET"]}}],"collection":[{"href":"https:\/\/grupodeenlace.cescyl.es\/index.php?rest_route=\/wp\/v2\/posts"}],"about":[{"href":"https:\/\/grupodeenlace.cescyl.es\/index.php?rest_route=\/wp\/v2\/types\/post"}],"author":[{"embeddable":true,"href":"https:\/\/grupodeenlace.cescyl.es\/index.php?rest_route=\/wp\/v2\/users\/2"}],"replies":[{"embeddable":true,"href":"https:\/\/grupodeenlace.cescyl.es\/index.php?rest_route=%2Fwp%2Fv2%2Fcomments&post=1811"}],"version-history":[{"count":1,"href":"https:\/\/grupodeenlace.cescyl.es\/index.php?rest_route=\/wp\/v2\/posts\/1811\/revisions"}],"predecessor-version":[{"id":1813,"href":"https:\/\/grupodeenlace.cescyl.es\/index.php?rest_route=\/wp\/v2\/posts\/1811\/revisions\/1813"}],"wp:attachment":[{"href":"https:\/\/grupodeenlace.cescyl.es\/index.php?rest_route=%2Fwp%2Fv2%2Fmedia&parent=1811"}],"wp:term":[{"taxonomy":"category","embeddable":true,"href":"https:\/\/grupodeenlace.cescyl.es\/index.php?rest_route=%2Fwp%2Fv2%2Fcategories&post=1811"},{"taxonomy":"post_tag","embeddable":true,"href":"https:\/\/grupodeenlace.cescyl.es\/index.php?rest_route=%2Fwp%2Fv2%2Ftags&post=1811"}],"curies":[{"name":"wp","href":"https:\/\/api.w.org\/{rel}","templated":true}]}}