{"id":184,"date":"2020-09-02T04:04:00","date_gmt":"2020-09-02T04:04:00","guid":{"rendered":"http:\/\/grupodeenlace.cescyl.es\/?p=184"},"modified":"2020-09-12T04:05:36","modified_gmt":"2020-09-12T04:05:36","slug":"se-crean-amortizan-y-modifican-demarcaciones-asistenciales-medicas-y-de-enfermeria-en-castilla-y-leon","status":"publish","type":"post","link":"https:\/\/grupodeenlace.cescyl.es\/?p=184","title":{"rendered":"Se crean, amortizan y modifican demarcaciones asistenciales m\u00e9dicas y de enfermer\u00eda en Castilla y Le\u00f3n"},"content":{"rendered":"\n<p>Con esta Orden se pretende actualizar las demarcaciones asistenciales, tanto m\u00e9dicas como de enfermer\u00eda, con el prop\u00f3sito de adecuar y equilibrar de manera continua las cargas de trabajo asistencial de los equipos de atenci\u00f3n primaria atendiendo a factores organizativos, sociales, demogr\u00e1ficos y geogr\u00e1ficos.<\/p>\n\n\n\n<ul class=\"wp-block-list\"><li><strong>BOCyL de 2 de septiembre de 2020<\/strong><\/li><li><strong>ORDEN SAN\/532\/2020, de 15 de junio,<\/strong><\/li><\/ul>\n\n\n\n<p><a href=\"http:\/\/bocyl.jcyl.es\/html\/2020\/06\/29\/html\/BOCYL-D-29062020-19.do\">http:\/\/bocyl.jcyl.es\/html\/2020\/06\/29\/html\/BOCYL-D-29062020-19.do<\/a><\/p>\n","protected":false},"excerpt":{"rendered":"<p>Con esta Orden se pretende actualizar las demarcaciones asistenciales, tanto m\u00e9dicas como de enfermer\u00eda, con el prop\u00f3sito de adecuar y equilibrar de manera continua las cargas de trabajo asistencial de los equipos de atenci\u00f3n primaria atendiendo a factores organizativos, sociales, demogr\u00e1ficos y geogr\u00e1ficos. BOCyL de 2 de septiembre de 2020 ORDEN SAN\/532\/2020, de 15 de &hellip; <a href=\"https:\/\/grupodeenlace.cescyl.es\/?p=184\" class=\"more-link\">Continuar leyendo<span class=\"screen-reader-text\"> &#8220;Se crean, amortizan y modifican demarcaciones asistenciales m\u00e9dicas y de enfermer\u00eda en Castilla y Le\u00f3n&#8221;<\/span><\/a><\/p>\n","protected":false},"author":2,"featured_media":0,"comment_status":"open","ping_status":"open","sticky":false,"template":"","format":"standard","meta":{"_s2mail":"","footnotes":""},"categories":[2],"tags":[],"class_list":["post-184","post","type-post","status-publish","format-standard","hentry","category-normativa"],"_links":{"self":[{"href":"https:\/\/grupodeenlace.cescyl.es\/index.php?rest_route=\/wp\/v2\/posts\/184","targetHints":{"allow":["GET"]}}],"collection":[{"href":"https:\/\/grupodeenlace.cescyl.es\/index.php?rest_route=\/wp\/v2\/posts"}],"about":[{"href":"https:\/\/grupodeenlace.cescyl.es\/index.php?rest_route=\/wp\/v2\/types\/post"}],"author":[{"embeddable":true,"href":"https:\/\/grupodeenlace.cescyl.es\/index.php?rest_route=\/wp\/v2\/users\/2"}],"replies":[{"embeddable":true,"href":"https:\/\/grupodeenlace.cescyl.es\/index.php?rest_route=%2Fwp%2Fv2%2Fcomments&post=184"}],"version-history":[{"count":1,"href":"https:\/\/grupodeenlace.cescyl.es\/index.php?rest_route=\/wp\/v2\/posts\/184\/revisions"}],"predecessor-version":[{"id":185,"href":"https:\/\/grupodeenlace.cescyl.es\/index.php?rest_route=\/wp\/v2\/posts\/184\/revisions\/185"}],"wp:attachment":[{"href":"https:\/\/grupodeenlace.cescyl.es\/index.php?rest_route=%2Fwp%2Fv2%2Fmedia&parent=184"}],"wp:term":[{"taxonomy":"category","embeddable":true,"href":"https:\/\/grupodeenlace.cescyl.es\/index.php?rest_route=%2Fwp%2Fv2%2Fcategories&post=184"},{"taxonomy":"post_tag","embeddable":true,"href":"https:\/\/grupodeenlace.cescyl.es\/index.php?rest_route=%2Fwp%2Fv2%2Ftags&post=184"}],"curies":[{"name":"wp","href":"https:\/\/api.w.org\/{rel}","templated":true}]}}