{"id":1864,"date":"2023-03-23T09:19:27","date_gmt":"2023-03-23T07:19:27","guid":{"rendered":"http:\/\/grupodeenlace.cescyl.es\/?p=1864"},"modified":"2023-03-23T10:50:34","modified_gmt":"2023-03-23T08:50:34","slug":"conclusiones-del-ii-encuentro-regional-en-defensa-de-la-escuela-rural-confapacal","status":"publish","type":"post","link":"https:\/\/grupodeenlace.cescyl.es\/?p=1864","title":{"rendered":"<strong>Conclusiones del II Encuentro regional en defensa de la escuela rural (CONFAPACAL)<\/strong>"},"content":{"rendered":"\n<p><\/p>\n\n\n\n<p>El 17 y 18 de marzo de 2023 se celebr\u00f3 el II Encuentro regional en defensa de la escuela rural Organizado por CONFAPACAL (Confederaci\u00f3n de Federaciones de Asociaciones de Padres y Madres de Alumnado de Centros P\u00fablicos de Ense\u00f1anza de Castilla y Le\u00f3n), en Velilla del R\u00edo Carri\u00f3n (Palencia).<\/p>\n\n\n\n<p>En este encuentro se debati\u00f3 y se compartieron experiencias en relaci\u00f3n al desarrollo y la potenciaci\u00f3n del medio rural a trav\u00e9s de los centros educativos.<\/p>\n\n\n\n<p>Se elaboraron las conclusiones siguientes:<\/p>\n\n\n\n<figure class=\"wp-block-image size-large\"><img loading=\"lazy\" decoding=\"async\" width=\"725\" height=\"1024\" src=\"https:\/\/grupodeenlace.cescyl.es\/wp-content\/uploads\/2023\/03\/image-2-725x1024.png\" alt=\"\" class=\"wp-image-1865\" srcset=\"https:\/\/grupodeenlace.cescyl.es\/wp-content\/uploads\/2023\/03\/image-2-725x1024.png 725w, https:\/\/grupodeenlace.cescyl.es\/wp-content\/uploads\/2023\/03\/image-2-212x300.png 212w, https:\/\/grupodeenlace.cescyl.es\/wp-content\/uploads\/2023\/03\/image-2-768x1084.png 768w, https:\/\/grupodeenlace.cescyl.es\/wp-content\/uploads\/2023\/03\/image-2.png 886w\" sizes=\"auto, (max-width: 709px) 85vw, (max-width: 909px) 67vw, (max-width: 984px) 61vw, (max-width: 1362px) 45vw, 600px\" \/><\/figure>\n\n\n\n<p><\/p>\n\n\n\n<figure class=\"wp-block-image size-large\"><img loading=\"lazy\" decoding=\"async\" width=\"725\" height=\"1024\" src=\"https:\/\/grupodeenlace.cescyl.es\/wp-content\/uploads\/2023\/03\/image-3-725x1024.png\" alt=\"\" class=\"wp-image-1866\" srcset=\"https:\/\/grupodeenlace.cescyl.es\/wp-content\/uploads\/2023\/03\/image-3-725x1024.png 725w, https:\/\/grupodeenlace.cescyl.es\/wp-content\/uploads\/2023\/03\/image-3-212x300.png 212w, https:\/\/grupodeenlace.cescyl.es\/wp-content\/uploads\/2023\/03\/image-3-768x1084.png 768w, https:\/\/grupodeenlace.cescyl.es\/wp-content\/uploads\/2023\/03\/image-3.png 886w\" sizes=\"auto, (max-width: 709px) 85vw, (max-width: 909px) 67vw, (max-width: 984px) 61vw, (max-width: 1362px) 45vw, 600px\" \/><\/figure>\n","protected":false},"excerpt":{"rendered":"<p>El 17 y 18 de marzo de 2023 se celebr\u00f3 el II Encuentro regional en defensa de la escuela rural Organizado por CONFAPACAL (Confederaci\u00f3n de Federaciones de Asociaciones de Padres y Madres de Alumnado de Centros P\u00fablicos de Ense\u00f1anza de Castilla y Le\u00f3n), en Velilla del R\u00edo Carri\u00f3n (Palencia). En este encuentro se debati\u00f3 y &hellip; <a href=\"https:\/\/grupodeenlace.cescyl.es\/?p=1864\" class=\"more-link\">Continuar leyendo<span class=\"screen-reader-text\"> &#8220;<strong>Conclusiones del II Encuentro regional en defensa de la escuela rural (CONFAPACAL)<\/strong>&#8220;<\/span><\/a><\/p>\n","protected":false},"author":2,"featured_media":0,"comment_status":"closed","ping_status":"closed","sticky":false,"template":"","format":"standard","meta":{"_s2mail":"yes","footnotes":""},"categories":[10],"tags":[],"class_list":["post-1864","post","type-post","status-publish","format-standard","hentry","category-noticias-de-los-miembros-del-grupo"],"_links":{"self":[{"href":"https:\/\/grupodeenlace.cescyl.es\/index.php?rest_route=\/wp\/v2\/posts\/1864","targetHints":{"allow":["GET"]}}],"collection":[{"href":"https:\/\/grupodeenlace.cescyl.es\/index.php?rest_route=\/wp\/v2\/posts"}],"about":[{"href":"https:\/\/grupodeenlace.cescyl.es\/index.php?rest_route=\/wp\/v2\/types\/post"}],"author":[{"embeddable":true,"href":"https:\/\/grupodeenlace.cescyl.es\/index.php?rest_route=\/wp\/v2\/users\/2"}],"replies":[{"embeddable":true,"href":"https:\/\/grupodeenlace.cescyl.es\/index.php?rest_route=%2Fwp%2Fv2%2Fcomments&post=1864"}],"version-history":[{"count":2,"href":"https:\/\/grupodeenlace.cescyl.es\/index.php?rest_route=\/wp\/v2\/posts\/1864\/revisions"}],"predecessor-version":[{"id":1877,"href":"https:\/\/grupodeenlace.cescyl.es\/index.php?rest_route=\/wp\/v2\/posts\/1864\/revisions\/1877"}],"wp:attachment":[{"href":"https:\/\/grupodeenlace.cescyl.es\/index.php?rest_route=%2Fwp%2Fv2%2Fmedia&parent=1864"}],"wp:term":[{"taxonomy":"category","embeddable":true,"href":"https:\/\/grupodeenlace.cescyl.es\/index.php?rest_route=%2Fwp%2Fv2%2Fcategories&post=1864"},{"taxonomy":"post_tag","embeddable":true,"href":"https:\/\/grupodeenlace.cescyl.es\/index.php?rest_route=%2Fwp%2Fv2%2Ftags&post=1864"}],"curies":[{"name":"wp","href":"https:\/\/api.w.org\/{rel}","templated":true}]}}