{"id":1870,"date":"2023-03-23T09:27:39","date_gmt":"2023-03-23T07:27:39","guid":{"rendered":"http:\/\/grupodeenlace.cescyl.es\/?p=1870"},"modified":"2023-03-23T10:52:03","modified_gmt":"2023-03-23T08:52:03","slug":"los-grupos-de-accion-local-de-valladolid-se-preparan-para-afrontar-el-pepac-23-2","status":"publish","type":"post","link":"https:\/\/grupodeenlace.cescyl.es\/?p=1870","title":{"rendered":"<strong>Los Grupos de Acci\u00f3n Local de Valladolid se preparan para afrontar el PEPAC 23-2<\/strong>"},"content":{"rendered":"\n<p><\/p>\n\n\n\n<p><strong>Los Grupos de Acci\u00f3n Local de Valladolid se preparan para afrontar el PEPAC 23-2<\/strong><\/p>\n\n\n\n<p>Los equipos t\u00e9cnicos de los Grupos de Acci\u00f3n Local (GAL) trazan en Medina de Rioseco futuras l\u00edneas de colaboraci\u00f3n.<\/p>\n\n\n\n<p>El encuentro sirvi\u00f3 para identificar necesidades y potencialidades comunes en el medio rural vallisoletano.<\/p>\n\n\n\n<p><strong>Noticia:<\/strong> \u00a0<\/p>\n\n\n\n<p><\/p>\n\n\n\n<figure class=\"wp-block-embed is-type-wp-embed is-provider-colectivo-para-el-desarrollo-rural-de-tierra-de-campos wp-block-embed-colectivo-para-el-desarrollo-rural-de-tierra-de-campos\"><div class=\"wp-block-embed__wrapper\">\n<blockquote class=\"wp-embedded-content\" data-secret=\"aLBkklyW6f\"><a href=\"https:\/\/www.somostierradecampos.com\/2023\/03\/21\/los-grupos-de-accion-local-de-valladolid-se-preparan-para-afrontar-el-pepac-23-27\/\">Los Grupos de Acci\u00f3n Local de Valladolid se preparan para afrontar el PEPAC 23-27<\/a><\/blockquote><iframe loading=\"lazy\" class=\"wp-embedded-content\" sandbox=\"allow-scripts\" security=\"restricted\" style=\"position: absolute; clip: rect(1px, 1px, 1px, 1px);\" title=\"\u00abLos Grupos de Acci\u00f3n Local de Valladolid se preparan para afrontar el PEPAC 23-27\u00bb \u2014 Colectivo para el Desarrollo Rural de Tierra de Campos\" src=\"https:\/\/www.somostierradecampos.com\/2023\/03\/21\/los-grupos-de-accion-local-de-valladolid-se-preparan-para-afrontar-el-pepac-23-27\/embed\/#?secret=aLBkklyW6f\" data-secret=\"aLBkklyW6f\" width=\"600\" height=\"338\" frameborder=\"0\" marginwidth=\"0\" marginheight=\"0\" scrolling=\"no\"><\/iframe>\n<\/div><\/figure>\n","protected":false},"excerpt":{"rendered":"<p>Los Grupos de Acci\u00f3n Local de Valladolid se preparan para afrontar el PEPAC 23-2 Los equipos t\u00e9cnicos de los Grupos de Acci\u00f3n Local (GAL) trazan en Medina de Rioseco futuras l\u00edneas de colaboraci\u00f3n. El encuentro sirvi\u00f3 para identificar necesidades y potencialidades comunes en el medio rural vallisoletano. Noticia: \u00a0<\/p>\n","protected":false},"author":2,"featured_media":0,"comment_status":"closed","ping_status":"closed","sticky":false,"template":"","format":"standard","meta":{"_s2mail":"yes","footnotes":""},"categories":[10],"tags":[],"class_list":["post-1870","post","type-post","status-publish","format-standard","hentry","category-noticias-de-los-miembros-del-grupo"],"_links":{"self":[{"href":"https:\/\/grupodeenlace.cescyl.es\/index.php?rest_route=\/wp\/v2\/posts\/1870","targetHints":{"allow":["GET"]}}],"collection":[{"href":"https:\/\/grupodeenlace.cescyl.es\/index.php?rest_route=\/wp\/v2\/posts"}],"about":[{"href":"https:\/\/grupodeenlace.cescyl.es\/index.php?rest_route=\/wp\/v2\/types\/post"}],"author":[{"embeddable":true,"href":"https:\/\/grupodeenlace.cescyl.es\/index.php?rest_route=\/wp\/v2\/users\/2"}],"replies":[{"embeddable":true,"href":"https:\/\/grupodeenlace.cescyl.es\/index.php?rest_route=%2Fwp%2Fv2%2Fcomments&post=1870"}],"version-history":[{"count":1,"href":"https:\/\/grupodeenlace.cescyl.es\/index.php?rest_route=\/wp\/v2\/posts\/1870\/revisions"}],"predecessor-version":[{"id":1871,"href":"https:\/\/grupodeenlace.cescyl.es\/index.php?rest_route=\/wp\/v2\/posts\/1870\/revisions\/1871"}],"wp:attachment":[{"href":"https:\/\/grupodeenlace.cescyl.es\/index.php?rest_route=%2Fwp%2Fv2%2Fmedia&parent=1870"}],"wp:term":[{"taxonomy":"category","embeddable":true,"href":"https:\/\/grupodeenlace.cescyl.es\/index.php?rest_route=%2Fwp%2Fv2%2Fcategories&post=1870"},{"taxonomy":"post_tag","embeddable":true,"href":"https:\/\/grupodeenlace.cescyl.es\/index.php?rest_route=%2Fwp%2Fv2%2Ftags&post=1870"}],"curies":[{"name":"wp","href":"https:\/\/api.w.org\/{rel}","templated":true}]}}