{"id":1874,"date":"2023-03-23T10:14:44","date_gmt":"2023-03-23T08:14:44","guid":{"rendered":"http:\/\/grupodeenlace.cescyl.es\/?p=1874"},"modified":"2023-03-23T10:52:49","modified_gmt":"2023-03-23T08:52:49","slug":"ley-organica-2-2023-de-22-de-marzo-del-sistema-universitario","status":"publish","type":"post","link":"https:\/\/grupodeenlace.cescyl.es\/?p=1874","title":{"rendered":"<strong>Ley Org\u00e1nica 2\/2023, de 22 de marzo, del Sistema Universitario<\/strong>"},"content":{"rendered":"\n<p><\/p>\n\n\n\n<p>El 23 de marzo de 2023 se publica en el BOE la Ley Org\u00e1nica 2\/2023, de 22 de marzo, del Sistema Universitario.<\/p>\n\n\n\n<p>Esta norma supone la regulaci\u00f3n del sistema universitario, as\u00ed como de los mecanismos de coordinaci\u00f3n, cooperaci\u00f3n y colaboraci\u00f3n entre las Administraciones P\u00fablicas con competencias en materia universitaria.<\/p>\n\n\n\n<p>A lo largo de su articulado se abordan los siguientes aspectos:<\/p>\n\n\n\n<ul class=\"wp-block-list\">\n<li>Funciones del sistema universitario y autonom\u00eda de las universidades<\/li>\n\n\n\n<li>Creaci\u00f3n y reconocimiento de las universidades y calidad del sistema universitario<\/li>\n\n\n\n<li>Organizaci\u00f3n de ense\u00f1anzas<\/li>\n\n\n\n<li>Investigaci\u00f3n y transferencia e intercambio del conocimiento e innovaci\u00f3n<\/li>\n\n\n\n<li>Cooperaci\u00f3n, coordinaci\u00f3n y participaci\u00f3n en el sistema universitario<\/li>\n\n\n\n<li>Universidad, sociedad y cultura<\/li>\n\n\n\n<li>Internacionalizaci\u00f3n del sistema universitario<\/li>\n\n\n\n<li>El estudiantado en el Sistema Universitario<\/li>\n\n\n\n<li>R\u00e9gimen espec\u00edfico de las universidades p\u00fablicas<\/li>\n\n\n\n<li>R\u00e9gimen espec\u00edfico de las universidades privadas<\/li>\n<\/ul>\n\n\n\n<ul class=\"wp-block-list\">\n<li><strong>Ley Org\u00e1nica 2\/2023, de 22 de marzo, del Sistema Universitario<\/strong><\/li>\n<\/ul>\n\n\n\n<p><a href=\"https:\/\/www.boe.es\/diario_boe\/txt.php?id=BOE-A-2023-7500\">https:\/\/www.boe.es\/diario_boe\/txt.php?id=BOE-A-2023-7500<\/a><\/p>\n","protected":false},"excerpt":{"rendered":"<p>El 23 de marzo de 2023 se publica en el BOE la Ley Org\u00e1nica 2\/2023, de 22 de marzo, del Sistema Universitario. Esta norma supone la regulaci\u00f3n del sistema universitario, as\u00ed como de los mecanismos de coordinaci\u00f3n, cooperaci\u00f3n y colaboraci\u00f3n entre las Administraciones P\u00fablicas con competencias en materia universitaria. A lo largo de su articulado &hellip; <a href=\"https:\/\/grupodeenlace.cescyl.es\/?p=1874\" class=\"more-link\">Continuar leyendo<span class=\"screen-reader-text\"> &#8220;<strong>Ley Org\u00e1nica 2\/2023, de 22 de marzo, del Sistema Universitario<\/strong>&#8220;<\/span><\/a><\/p>\n","protected":false},"author":2,"featured_media":0,"comment_status":"closed","ping_status":"closed","sticky":false,"template":"","format":"standard","meta":{"_s2mail":"yes","footnotes":""},"categories":[2],"tags":[],"class_list":["post-1874","post","type-post","status-publish","format-standard","hentry","category-normativa"],"_links":{"self":[{"href":"https:\/\/grupodeenlace.cescyl.es\/index.php?rest_route=\/wp\/v2\/posts\/1874","targetHints":{"allow":["GET"]}}],"collection":[{"href":"https:\/\/grupodeenlace.cescyl.es\/index.php?rest_route=\/wp\/v2\/posts"}],"about":[{"href":"https:\/\/grupodeenlace.cescyl.es\/index.php?rest_route=\/wp\/v2\/types\/post"}],"author":[{"embeddable":true,"href":"https:\/\/grupodeenlace.cescyl.es\/index.php?rest_route=\/wp\/v2\/users\/2"}],"replies":[{"embeddable":true,"href":"https:\/\/grupodeenlace.cescyl.es\/index.php?rest_route=%2Fwp%2Fv2%2Fcomments&post=1874"}],"version-history":[{"count":1,"href":"https:\/\/grupodeenlace.cescyl.es\/index.php?rest_route=\/wp\/v2\/posts\/1874\/revisions"}],"predecessor-version":[{"id":1875,"href":"https:\/\/grupodeenlace.cescyl.es\/index.php?rest_route=\/wp\/v2\/posts\/1874\/revisions\/1875"}],"wp:attachment":[{"href":"https:\/\/grupodeenlace.cescyl.es\/index.php?rest_route=%2Fwp%2Fv2%2Fmedia&parent=1874"}],"wp:term":[{"taxonomy":"category","embeddable":true,"href":"https:\/\/grupodeenlace.cescyl.es\/index.php?rest_route=%2Fwp%2Fv2%2Fcategories&post=1874"},{"taxonomy":"post_tag","embeddable":true,"href":"https:\/\/grupodeenlace.cescyl.es\/index.php?rest_route=%2Fwp%2Fv2%2Ftags&post=1874"}],"curies":[{"name":"wp","href":"https:\/\/api.w.org\/{rel}","templated":true}]}}