{"id":1996,"date":"2023-05-31T14:23:05","date_gmt":"2023-05-31T12:23:05","guid":{"rendered":"http:\/\/grupodeenlace.cescyl.es\/?p=1996"},"modified":"2023-05-31T14:26:48","modified_gmt":"2023-05-31T12:26:48","slug":"subvenciones-para-la-financiacion-de-itinerarios-de-insercion-sociolaboral-de-personas-en-situacion-o-riesgo-de-exclusion-social-2","status":"publish","type":"post","link":"https:\/\/grupodeenlace.cescyl.es\/?p=1996","title":{"rendered":"Subvenciones para la financiaci\u00f3n de itinerarios de inserci\u00f3n sociolaboral de personas en situaci\u00f3n o riesgo de exclusi\u00f3n social"},"content":{"rendered":"\n<p><\/p>\n\n\n\n<p>El BOCyL de 31 de mayo de 2023 publica la convocatoria de subvenciones, en r\u00e9gimen de concurrencia competitiva, y cofinanciadas por el Fondo Social Europeo (Programa Operativo 2021\/2027), destinadas a financiar los gastos derivados de la realizaci\u00f3n de itinerarios integrados y personalizados de inserci\u00f3n sociolaboral de personas en situaci\u00f3n o riesgo de exclusi\u00f3n social y su finalidad es mejorar su empleabilidad a trav\u00e9s del desarrollo de sus capacidades personales y de su motivaci\u00f3n, mediante la realizaci\u00f3n de actuaciones de informaci\u00f3n, valoraci\u00f3n y diagn\u00f3stico, orientaci\u00f3n, formaci\u00f3n, inserci\u00f3n, y acompa\u00f1amiento social y laboral.<\/p>\n\n\n\n<ul class=\"wp-block-list\">\n<li><strong>Extracto de la Resoluci\u00f3n de 23 de mayo de 2023, de la Gerencia de Servicios Sociales de Castilla y Le\u00f3n<\/strong><\/li>\n<\/ul>\n\n\n\n<p><a href=\"https:\/\/bocyl.jcyl.es\/html\/2023\/05\/31\/html\/BOCYL-D-31052023-17.do\">https:\/\/bocyl.jcyl.es\/html\/2023\/05\/31\/html\/BOCYL-D-31052023-17.do<\/a><\/p>\n\n\n\n<ul class=\"wp-block-list\">\n<li><strong>Tramitaci\u00f3n electr\u00f3nica:<\/strong><\/li>\n<\/ul>\n\n\n\n<p><a href=\"https:\/\/www.tramitacastillayleon.jcyl.es\/web\/jcyl\/AdministracionElectronica\/es\/Plantilla100Detalle\/1251181050732\/Ayuda012\/1285283457386\/Propuesta\">https:\/\/www.tramitacastillayleon.jcyl.es\/web\/jcyl\/AdministracionElectronica\/es\/Plantilla100Detalle\/1251181050732\/Ayuda012\/1285283457386\/Propuesta<\/a><\/p>\n\n\n\n<ul class=\"wp-block-list\">\n<li><strong>Plazo<\/strong><\/li>\n<\/ul>\n\n\n\n<p>20 d\u00edas naturales contados a partir del siguiente al de la publicaci\u00f3n del extracto de la Resoluci\u00f3n en el Bolet\u00edn Oficial de Castilla y Le\u00f3n<\/p>\n","protected":false},"excerpt":{"rendered":"<p>El BOCyL de 31 de mayo de 2023 publica la convocatoria de subvenciones, en r\u00e9gimen de concurrencia competitiva, y cofinanciadas por el Fondo Social Europeo (Programa Operativo 2021\/2027), destinadas a financiar los gastos derivados de la realizaci\u00f3n de itinerarios integrados y personalizados de inserci\u00f3n sociolaboral de personas en situaci\u00f3n o riesgo de exclusi\u00f3n social y &hellip; <a href=\"https:\/\/grupodeenlace.cescyl.es\/?p=1996\" class=\"more-link\">Continuar leyendo<span class=\"screen-reader-text\"> &#8220;Subvenciones para la financiaci\u00f3n de itinerarios de inserci\u00f3n sociolaboral de personas en situaci\u00f3n o riesgo de exclusi\u00f3n social&#8221;<\/span><\/a><\/p>\n","protected":false},"author":2,"featured_media":0,"comment_status":"closed","ping_status":"closed","sticky":false,"template":"","format":"standard","meta":{"_s2mail":"yes","footnotes":""},"categories":[5],"tags":[],"class_list":["post-1996","post","type-post","status-publish","format-standard","hentry","category-instrumentos-de-apoyo"],"_links":{"self":[{"href":"https:\/\/grupodeenlace.cescyl.es\/index.php?rest_route=\/wp\/v2\/posts\/1996","targetHints":{"allow":["GET"]}}],"collection":[{"href":"https:\/\/grupodeenlace.cescyl.es\/index.php?rest_route=\/wp\/v2\/posts"}],"about":[{"href":"https:\/\/grupodeenlace.cescyl.es\/index.php?rest_route=\/wp\/v2\/types\/post"}],"author":[{"embeddable":true,"href":"https:\/\/grupodeenlace.cescyl.es\/index.php?rest_route=\/wp\/v2\/users\/2"}],"replies":[{"embeddable":true,"href":"https:\/\/grupodeenlace.cescyl.es\/index.php?rest_route=%2Fwp%2Fv2%2Fcomments&post=1996"}],"version-history":[{"count":1,"href":"https:\/\/grupodeenlace.cescyl.es\/index.php?rest_route=\/wp\/v2\/posts\/1996\/revisions"}],"predecessor-version":[{"id":1997,"href":"https:\/\/grupodeenlace.cescyl.es\/index.php?rest_route=\/wp\/v2\/posts\/1996\/revisions\/1997"}],"wp:attachment":[{"href":"https:\/\/grupodeenlace.cescyl.es\/index.php?rest_route=%2Fwp%2Fv2%2Fmedia&parent=1996"}],"wp:term":[{"taxonomy":"category","embeddable":true,"href":"https:\/\/grupodeenlace.cescyl.es\/index.php?rest_route=%2Fwp%2Fv2%2Fcategories&post=1996"},{"taxonomy":"post_tag","embeddable":true,"href":"https:\/\/grupodeenlace.cescyl.es\/index.php?rest_route=%2Fwp%2Fv2%2Ftags&post=1996"}],"curies":[{"name":"wp","href":"https:\/\/api.w.org\/{rel}","templated":true}]}}