{"id":2007,"date":"2023-06-12T07:57:46","date_gmt":"2023-06-12T05:57:46","guid":{"rendered":"http:\/\/grupodeenlace.cescyl.es\/?p=2007"},"modified":"2023-06-12T08:02:18","modified_gmt":"2023-06-12T06:02:18","slug":"informe-a-iniciativa-propia-sobre-el-comercio-de-proximidad-en-castilla-y-leon","status":"publish","type":"post","link":"https:\/\/grupodeenlace.cescyl.es\/?p=2007","title":{"rendered":"Informe a Iniciativa Propia sobre &#8220;El comercio de proximidad en Castilla y Le\u00f3n&#8221;"},"content":{"rendered":"\n<p><\/p>\n\n\n\n<p>El 7 de junio de 2023 el Pleno del CES aprob\u00f3 por unanimidad el Informe a iniciativa propia &#8220;El comercio de proximidad en Castilla y Le\u00f3n&#8221;, con el an\u00e1lisis y las recomendaciones del Consejo.<\/p>\n\n\n\n<p>La publicaci\u00f3n del Informe incluye el documento t\u00e9cnico &#8220;Estudio sobre el comercio minorista en Castilla y Le\u00f3n&#8221;, una investigaci\u00f3n realizada para el CES por la C\u00e1tedra de Innovaci\u00f3n para el Comercio de la Facultad de Comercio de la Universidad de Valladolid, que sirvi\u00f3 como base del debate en el CES sobre el sector.<\/p>\n\n\n\n<ul class=\"wp-block-list\">\n<li><strong>Informe:<\/strong> <a href=\"https:\/\/www.cescyl.es\/es\/publicaciones\/informes-iniciativa-propia\/comercio-proximidad-castilla-leon\">https:\/\/www.cescyl.es\/es\/publicaciones\/informes-iniciativa-propia\/comercio-proximidad-castilla-leon<\/a><\/li>\n<\/ul>\n\n\n\n<figure class=\"wp-block-image size-full\"><img loading=\"lazy\" decoding=\"async\" width=\"669\" height=\"945\" src=\"https:\/\/grupodeenlace.cescyl.es\/wp-content\/uploads\/2023\/06\/image-1.png\" alt=\"\" class=\"wp-image-2008\" srcset=\"https:\/\/grupodeenlace.cescyl.es\/wp-content\/uploads\/2023\/06\/image-1.png 669w, https:\/\/grupodeenlace.cescyl.es\/wp-content\/uploads\/2023\/06\/image-1-212x300.png 212w\" sizes=\"auto, (max-width: 709px) 85vw, (max-width: 909px) 67vw, (max-width: 984px) 61vw, (max-width: 1362px) 45vw, 600px\" \/><\/figure>\n","protected":false},"excerpt":{"rendered":"<p>El 7 de junio de 2023 el Pleno del CES aprob\u00f3 por unanimidad el Informe a iniciativa propia &#8220;El comercio de proximidad en Castilla y Le\u00f3n&#8221;, con el an\u00e1lisis y las recomendaciones del Consejo. La publicaci\u00f3n del Informe incluye el documento t\u00e9cnico &#8220;Estudio sobre el comercio minorista en Castilla y Le\u00f3n&#8221;, una investigaci\u00f3n realizada para &hellip; <a href=\"https:\/\/grupodeenlace.cescyl.es\/?p=2007\" class=\"more-link\">Continuar leyendo<span class=\"screen-reader-text\"> &#8220;Informe a Iniciativa Propia sobre &#8220;El comercio de proximidad en Castilla y Le\u00f3n&#8221;&#8221;<\/span><\/a><\/p>\n","protected":false},"author":2,"featured_media":0,"comment_status":"closed","ping_status":"closed","sticky":false,"template":"","format":"standard","meta":{"_s2mail":"yes","footnotes":""},"categories":[3],"tags":[],"class_list":["post-2007","post","type-post","status-publish","format-standard","hentry","category-informacion-y-publicaciones-ces"],"_links":{"self":[{"href":"https:\/\/grupodeenlace.cescyl.es\/index.php?rest_route=\/wp\/v2\/posts\/2007","targetHints":{"allow":["GET"]}}],"collection":[{"href":"https:\/\/grupodeenlace.cescyl.es\/index.php?rest_route=\/wp\/v2\/posts"}],"about":[{"href":"https:\/\/grupodeenlace.cescyl.es\/index.php?rest_route=\/wp\/v2\/types\/post"}],"author":[{"embeddable":true,"href":"https:\/\/grupodeenlace.cescyl.es\/index.php?rest_route=\/wp\/v2\/users\/2"}],"replies":[{"embeddable":true,"href":"https:\/\/grupodeenlace.cescyl.es\/index.php?rest_route=%2Fwp%2Fv2%2Fcomments&post=2007"}],"version-history":[{"count":2,"href":"https:\/\/grupodeenlace.cescyl.es\/index.php?rest_route=\/wp\/v2\/posts\/2007\/revisions"}],"predecessor-version":[{"id":2010,"href":"https:\/\/grupodeenlace.cescyl.es\/index.php?rest_route=\/wp\/v2\/posts\/2007\/revisions\/2010"}],"wp:attachment":[{"href":"https:\/\/grupodeenlace.cescyl.es\/index.php?rest_route=%2Fwp%2Fv2%2Fmedia&parent=2007"}],"wp:term":[{"taxonomy":"category","embeddable":true,"href":"https:\/\/grupodeenlace.cescyl.es\/index.php?rest_route=%2Fwp%2Fv2%2Fcategories&post=2007"},{"taxonomy":"post_tag","embeddable":true,"href":"https:\/\/grupodeenlace.cescyl.es\/index.php?rest_route=%2Fwp%2Fv2%2Ftags&post=2007"}],"curies":[{"name":"wp","href":"https:\/\/api.w.org\/{rel}","templated":true}]}}