{"id":2012,"date":"2023-06-14T09:11:20","date_gmt":"2023-06-14T07:11:20","guid":{"rendered":"http:\/\/grupodeenlace.cescyl.es\/?p=2012"},"modified":"2023-06-14T09:11:20","modified_gmt":"2023-06-14T07:11:20","slug":"el-colectivo-tierra-de-campos-y-la-asociacion-finanzas-eticas-de-castilla-y-leon-firman-un-convenio-para-reforzar-el-apoyo-al-emprendimiento-rural","status":"publish","type":"post","link":"https:\/\/grupodeenlace.cescyl.es\/?p=2012","title":{"rendered":"El Colectivo Tierra de Campos y la Asociaci\u00f3n Finanzas \u00c9ticas de Castilla y Le\u00f3n firman un convenio para reforzar el apoyo al emprendimiento rural"},"content":{"rendered":"\n<p>La colaboraci\u00f3n entre ambas entidades permitir\u00e1 ampliar el apoyo a peque\u00f1as iniciativas emprendedoras.<\/p>\n\n\n\n<p>El acompa\u00f1amiento y seguimiento de los proyectos es fundamental para consolidar y evitar que los servicios de proximidad desaparezcan en los peque\u00f1os pueblos.<\/p>\n\n\n\n<p>El pasado lunes 12 de junio ha tenido lugar la firma de un convenio de colaboraci\u00f3n entre las entidades Asociaci\u00f3n Colectivo para el Desarrollo Rural de Tierra de Campos y Asociaci\u00f3n Finanzas \u00c9ticas Castilla y Le\u00f3n. M\u00aa Luz Guti\u00e9rrez Vaquero, presidenta del Colectivo Tierra de Campos, y M\u00aa Victoria de Diego Rivas, presidenta de Asociaci\u00f3n Finanzas Eticas Castilla y Le\u00f3n, han explicado el trabajo de ambas entidades. Igualmente, han subrayado la importancia del trabajo en red para acompa\u00f1ar y apoyar las iniciativas emprendedoras que surgen en el entorno rural.<\/p>\n\n\n\n<p>El convenio busca reforzar la colaboraci\u00f3n entre ambas entidades para mejorar la empleabilidad de las personas emprendedoras del medio rural vallisoletano, colaborando en acciones formativas y facilitando el acceso a la informaci\u00f3n sobre los recursos financieros que gestionan ambas entidades.<\/p>\n\n\n\n<ul class=\"wp-block-list\">\n<li>Noticia: <a href=\"https:\/\/www.somostierradecampos.com\/2023\/06\/13\/el-colectivo-tierra-de-campos-y-la-asociacion-finanzas-eticas-de-castilla-y-leon-firman-un-convenio-para-reforzar-el-apoyo-al-emprendimiento-rural\/\">https:\/\/www.somostierradecampos.com\/2023\/06\/13\/el-colectivo-tierra-de-campos-y-la-asociacion-finanzas-eticas-de-castilla-y-leon-firman-un-convenio-para-reforzar-el-apoyo-al-emprendimiento-rural\/<\/a><\/li>\n<\/ul>\n\n\n\n<figure class=\"wp-block-image size-large\"><img loading=\"lazy\" decoding=\"async\" width=\"1024\" height=\"639\" src=\"https:\/\/grupodeenlace.cescyl.es\/wp-content\/uploads\/2023\/06\/fe-tc-1024x639.jpg\" alt=\"\" class=\"wp-image-2014\" srcset=\"https:\/\/grupodeenlace.cescyl.es\/wp-content\/uploads\/2023\/06\/fe-tc-1024x639.jpg 1024w, https:\/\/grupodeenlace.cescyl.es\/wp-content\/uploads\/2023\/06\/fe-tc-300x187.jpg 300w, https:\/\/grupodeenlace.cescyl.es\/wp-content\/uploads\/2023\/06\/fe-tc-768x479.jpg 768w, https:\/\/grupodeenlace.cescyl.es\/wp-content\/uploads\/2023\/06\/fe-tc.jpg 1070w\" sizes=\"auto, (max-width: 709px) 85vw, (max-width: 909px) 67vw, (max-width: 1362px) 62vw, 840px\" \/><\/figure>\n","protected":false},"excerpt":{"rendered":"<p>La colaboraci\u00f3n entre ambas entidades permitir\u00e1 ampliar el apoyo a peque\u00f1as iniciativas emprendedoras. El acompa\u00f1amiento y seguimiento de los proyectos es fundamental para consolidar y evitar que los servicios de proximidad desaparezcan en los peque\u00f1os pueblos. El pasado lunes 12 de junio ha tenido lugar la firma de un convenio de colaboraci\u00f3n entre las entidades &hellip; <a href=\"https:\/\/grupodeenlace.cescyl.es\/?p=2012\" class=\"more-link\">Continuar leyendo<span class=\"screen-reader-text\"> &#8220;El Colectivo Tierra de Campos y la Asociaci\u00f3n Finanzas \u00c9ticas de Castilla y Le\u00f3n firman un convenio para reforzar el apoyo al emprendimiento rural&#8221;<\/span><\/a><\/p>\n","protected":false},"author":2,"featured_media":0,"comment_status":"closed","ping_status":"","sticky":false,"template":"","format":"standard","meta":{"_s2mail":"","footnotes":""},"categories":[10],"tags":[],"class_list":["post-2012","post","type-post","status-publish","format-standard","hentry","category-noticias-de-los-miembros-del-grupo"],"_links":{"self":[{"href":"https:\/\/grupodeenlace.cescyl.es\/index.php?rest_route=\/wp\/v2\/posts\/2012","targetHints":{"allow":["GET"]}}],"collection":[{"href":"https:\/\/grupodeenlace.cescyl.es\/index.php?rest_route=\/wp\/v2\/posts"}],"about":[{"href":"https:\/\/grupodeenlace.cescyl.es\/index.php?rest_route=\/wp\/v2\/types\/post"}],"author":[{"embeddable":true,"href":"https:\/\/grupodeenlace.cescyl.es\/index.php?rest_route=\/wp\/v2\/users\/2"}],"replies":[{"embeddable":true,"href":"https:\/\/grupodeenlace.cescyl.es\/index.php?rest_route=%2Fwp%2Fv2%2Fcomments&post=2012"}],"version-history":[{"count":2,"href":"https:\/\/grupodeenlace.cescyl.es\/index.php?rest_route=\/wp\/v2\/posts\/2012\/revisions"}],"predecessor-version":[{"id":2015,"href":"https:\/\/grupodeenlace.cescyl.es\/index.php?rest_route=\/wp\/v2\/posts\/2012\/revisions\/2015"}],"wp:attachment":[{"href":"https:\/\/grupodeenlace.cescyl.es\/index.php?rest_route=%2Fwp%2Fv2%2Fmedia&parent=2012"}],"wp:term":[{"taxonomy":"category","embeddable":true,"href":"https:\/\/grupodeenlace.cescyl.es\/index.php?rest_route=%2Fwp%2Fv2%2Fcategories&post=2012"},{"taxonomy":"post_tag","embeddable":true,"href":"https:\/\/grupodeenlace.cescyl.es\/index.php?rest_route=%2Fwp%2Fv2%2Ftags&post=2012"}],"curies":[{"name":"wp","href":"https:\/\/api.w.org\/{rel}","templated":true}]}}