{"id":202,"date":"2020-09-01T04:19:00","date_gmt":"2020-09-01T04:19:00","guid":{"rendered":"http:\/\/grupodeenlace.cescyl.es\/?p=202"},"modified":"2020-09-12T04:28:26","modified_gmt":"2020-09-12T04:28:26","slug":"premio-solidaridad-civil-comite-economico-y-social-europeo","status":"publish","type":"post","link":"https:\/\/grupodeenlace.cescyl.es\/?p=202","title":{"rendered":"Premio Solidaridad Civil (Comit\u00e9 Econ\u00f3mico y Social Europeo)"},"content":{"rendered":"\n<p>El Comit\u00e9 Econ\u00f3mico y Social Europeo (CESE) ha convocado el Premio Solidaridad Civil con el que pretende recompensar las iniciativas de solidaridad para hacer frente a la situaci\u00f3n de emergencia generada por la pandemia de la COVID-19, por lo que el tema del galard\u00f3n es \u00abLa sociedad civil contra la COVID-19.<\/p>\n\n\n\n<p>El objetivo general del Premio es favorecer la toma de conciencia sobre la contribuci\u00f3n que las personas f\u00edsicas o las entidades de derecho privado hayan aportado o est\u00e9n aportando a la creaci\u00f3n de una identidad y una solidaridad europeas que, a su vez, refuercen los valores comunes en los que se basa la integraci\u00f3n europea, as\u00ed como dar mayor visibilidad a dicha contribuci\u00f3n.<\/p>\n\n\n\n<p>Podr\u00e1n presentar sus candidaturas tanto particulares como organizaciones de la sociedad civil o empresas privadas. En total se conceder\u00e1n 29 premios, uno por cada Estado miembro, uno para el Reino Unido y otro a un proyecto de \u00e1mbito transfronterizo o europeo. Cada premio estar\u00e1 dotado con 10.000 euros.<\/p>\n\n\n\n<p><strong><span class=\"has-inline-color has-bright-red-color\">La fecha l\u00edmite para enviar solicitudes es el 30 de septiembre de 2020 a las 12:00 del mediod\u00eda.<\/span><\/strong><\/p>\n\n\n\n<p><a href=\"https:\/\/www.eesc.europa.eu\/en\/agenda\/our-events\/events\/civil-solidarity-prize\">https:\/\/www.eesc.europa.eu\/en\/agenda\/our-events\/events\/civil-solidarity-prize<\/a><\/p>\n\n\n\n<figure class=\"wp-block-image size-large is-resized\"><img loading=\"lazy\" decoding=\"async\" src=\"https:\/\/grupodeenlace.cescyl.es\/wp-content\/uploads\/2020\/09\/image-5.png\" alt=\"\" class=\"wp-image-203\" width=\"643\" height=\"361\" srcset=\"https:\/\/grupodeenlace.cescyl.es\/wp-content\/uploads\/2020\/09\/image-5.png 567w, https:\/\/grupodeenlace.cescyl.es\/wp-content\/uploads\/2020\/09\/image-5-300x169.png 300w\" sizes=\"auto, (max-width: 709px) 85vw, (max-width: 909px) 67vw, (max-width: 984px) 61vw, (max-width: 1362px) 45vw, 600px\" \/><\/figure>\n","protected":false},"excerpt":{"rendered":"<p>El Comit\u00e9 Econ\u00f3mico y Social Europeo (CESE) ha convocado el Premio Solidaridad Civil con el que pretende recompensar las iniciativas de solidaridad para hacer frente a la situaci\u00f3n de emergencia generada por la pandemia de la COVID-19, por lo que el tema del galard\u00f3n es \u00abLa sociedad civil contra la COVID-19. El objetivo general del &hellip; <a href=\"https:\/\/grupodeenlace.cescyl.es\/?p=202\" class=\"more-link\">Continuar leyendo<span class=\"screen-reader-text\"> &#8220;Premio Solidaridad Civil (Comit\u00e9 Econ\u00f3mico y Social Europeo)&#8221;<\/span><\/a><\/p>\n","protected":false},"author":2,"featured_media":0,"comment_status":"open","ping_status":"open","sticky":false,"template":"","format":"standard","meta":{"_s2mail":"","footnotes":""},"categories":[5],"tags":[],"class_list":["post-202","post","type-post","status-publish","format-standard","hentry","category-instrumentos-de-apoyo"],"_links":{"self":[{"href":"https:\/\/grupodeenlace.cescyl.es\/index.php?rest_route=\/wp\/v2\/posts\/202","targetHints":{"allow":["GET"]}}],"collection":[{"href":"https:\/\/grupodeenlace.cescyl.es\/index.php?rest_route=\/wp\/v2\/posts"}],"about":[{"href":"https:\/\/grupodeenlace.cescyl.es\/index.php?rest_route=\/wp\/v2\/types\/post"}],"author":[{"embeddable":true,"href":"https:\/\/grupodeenlace.cescyl.es\/index.php?rest_route=\/wp\/v2\/users\/2"}],"replies":[{"embeddable":true,"href":"https:\/\/grupodeenlace.cescyl.es\/index.php?rest_route=%2Fwp%2Fv2%2Fcomments&post=202"}],"version-history":[{"count":3,"href":"https:\/\/grupodeenlace.cescyl.es\/index.php?rest_route=\/wp\/v2\/posts\/202\/revisions"}],"predecessor-version":[{"id":213,"href":"https:\/\/grupodeenlace.cescyl.es\/index.php?rest_route=\/wp\/v2\/posts\/202\/revisions\/213"}],"wp:attachment":[{"href":"https:\/\/grupodeenlace.cescyl.es\/index.php?rest_route=%2Fwp%2Fv2%2Fmedia&parent=202"}],"wp:term":[{"taxonomy":"category","embeddable":true,"href":"https:\/\/grupodeenlace.cescyl.es\/index.php?rest_route=%2Fwp%2Fv2%2Fcategories&post=202"},{"taxonomy":"post_tag","embeddable":true,"href":"https:\/\/grupodeenlace.cescyl.es\/index.php?rest_route=%2Fwp%2Fv2%2Ftags&post=202"}],"curies":[{"name":"wp","href":"https:\/\/api.w.org\/{rel}","templated":true}]}}