{"id":2193,"date":"2023-12-20T14:25:16","date_gmt":"2023-12-20T12:25:16","guid":{"rendered":"https:\/\/grupodeenlace.cescyl.es\/?p=2193"},"modified":"2023-12-20T14:25:16","modified_gmt":"2023-12-20T12:25:16","slug":"empresas-empleo-proyecto-leader-ganador-en-los-premios-europeos-de-inspiracion-agraria-y-rural","status":"publish","type":"post","link":"https:\/\/grupodeenlace.cescyl.es\/?p=2193","title":{"rendered":"+Empresas +Empleo, proyecto LEADER ganador en los Premios Europeos de Inspiraci\u00f3n Agraria y Rural"},"content":{"rendered":"\n<p><\/p>\n\n\n\n<p>El proyecto de cooperaci\u00f3n LEADER \u2018+Empresas +Empleo\u2019 es ganador en la categor\u00eda <em>\u00abTejido socioecon\u00f3mico de las zonas rurales\u00bb <\/em>como buena pr\u00e1ctica innovadora desarrollada en el medio rural por poner en valor y facilitar el conocimiento de f\u00f3rmulas eficaces de desarrollo rural en Castilla y Le\u00f3n.<\/p>\n\n\n\n<p>La ceremonia de entrega de los <em>\u00abPremios Europeos de Inspiraci\u00f3n Agraria y Rural. ARIA 2023\u00bb<\/em>, se celebr\u00f3 el pasado 4 de diciembre en Bruselas organizada por la Red Europea de la PAC &#8211; creada por la Comisi\u00f3n Europea &#8211; bajo el lema \u00ab<em>Impulsar las capacidades para la agricultura y las zonas rurales\u00bb <\/em>donde se ha fallado los cuatro ganadores, uno por cada categor\u00eda: Agricultura inteligente y competitiva, Protecci\u00f3n del medio ambiente, Tejido socioecon\u00f3mico de las zonas rurales y Protecci\u00f3n del medio ambiente y otro proyecto por voto popular. Los proyectos presentados est\u00e1n en l\u00ednea con los valores y objetivos que promueven la Visi\u00f3n a Largo Plazo para las Zonas Rurales y el Pacto Rural de la Uni\u00f3n Europea.<\/p>\n\n\n\n<p><strong>Noticia:<\/strong> <a href=\"https:\/\/pueblosycomarcas.com\/empresas-empleo-proyecto-leader-ganador-en-los-premios-europeos-de-inspiracion-agraria-y-rural\/\">https:\/\/pueblosycomarcas.com\/empresas-empleo-proyecto-leader-ganador-en-los-premios-europeos-de-inspiracion-agraria-y-rural\/<\/a><\/p>\n\n\n\n<p><\/p>\n\n\n\n<figure class=\"wp-block-image size-full\"><img loading=\"lazy\" decoding=\"async\" width=\"886\" height=\"591\" src=\"https:\/\/grupodeenlace.cescyl.es\/wp-content\/uploads\/2023\/12\/image.png\" alt=\"\" class=\"wp-image-2194\" srcset=\"https:\/\/grupodeenlace.cescyl.es\/wp-content\/uploads\/2023\/12\/image.png 886w, https:\/\/grupodeenlace.cescyl.es\/wp-content\/uploads\/2023\/12\/image-300x200.png 300w, https:\/\/grupodeenlace.cescyl.es\/wp-content\/uploads\/2023\/12\/image-768x512.png 768w\" sizes=\"auto, (max-width: 709px) 85vw, (max-width: 909px) 67vw, (max-width: 1362px) 62vw, 840px\" \/><\/figure>\n","protected":false},"excerpt":{"rendered":"<p>El proyecto de cooperaci\u00f3n LEADER \u2018+Empresas +Empleo\u2019 es ganador en la categor\u00eda \u00abTejido socioecon\u00f3mico de las zonas rurales\u00bb como buena pr\u00e1ctica innovadora desarrollada en el medio rural por poner en valor y facilitar el conocimiento de f\u00f3rmulas eficaces de desarrollo rural en Castilla y Le\u00f3n. La ceremonia de entrega de los \u00abPremios Europeos de Inspiraci\u00f3n &hellip; <a href=\"https:\/\/grupodeenlace.cescyl.es\/?p=2193\" class=\"more-link\">Continuar leyendo<span class=\"screen-reader-text\"> &#8220;+Empresas +Empleo, proyecto LEADER ganador en los Premios Europeos de Inspiraci\u00f3n Agraria y Rural&#8221;<\/span><\/a><\/p>\n","protected":false},"author":2,"featured_media":0,"comment_status":"closed","ping_status":"closed","sticky":false,"template":"","format":"standard","meta":{"_s2mail":"yes","footnotes":""},"categories":[10],"tags":[],"class_list":["post-2193","post","type-post","status-publish","format-standard","hentry","category-noticias-de-los-miembros-del-grupo"],"_links":{"self":[{"href":"https:\/\/grupodeenlace.cescyl.es\/index.php?rest_route=\/wp\/v2\/posts\/2193","targetHints":{"allow":["GET"]}}],"collection":[{"href":"https:\/\/grupodeenlace.cescyl.es\/index.php?rest_route=\/wp\/v2\/posts"}],"about":[{"href":"https:\/\/grupodeenlace.cescyl.es\/index.php?rest_route=\/wp\/v2\/types\/post"}],"author":[{"embeddable":true,"href":"https:\/\/grupodeenlace.cescyl.es\/index.php?rest_route=\/wp\/v2\/users\/2"}],"replies":[{"embeddable":true,"href":"https:\/\/grupodeenlace.cescyl.es\/index.php?rest_route=%2Fwp%2Fv2%2Fcomments&post=2193"}],"version-history":[{"count":1,"href":"https:\/\/grupodeenlace.cescyl.es\/index.php?rest_route=\/wp\/v2\/posts\/2193\/revisions"}],"predecessor-version":[{"id":2195,"href":"https:\/\/grupodeenlace.cescyl.es\/index.php?rest_route=\/wp\/v2\/posts\/2193\/revisions\/2195"}],"wp:attachment":[{"href":"https:\/\/grupodeenlace.cescyl.es\/index.php?rest_route=%2Fwp%2Fv2%2Fmedia&parent=2193"}],"wp:term":[{"taxonomy":"category","embeddable":true,"href":"https:\/\/grupodeenlace.cescyl.es\/index.php?rest_route=%2Fwp%2Fv2%2Fcategories&post=2193"},{"taxonomy":"post_tag","embeddable":true,"href":"https:\/\/grupodeenlace.cescyl.es\/index.php?rest_route=%2Fwp%2Fv2%2Ftags&post=2193"}],"curies":[{"name":"wp","href":"https:\/\/api.w.org\/{rel}","templated":true}]}}