{"id":2197,"date":"2023-12-27T14:38:43","date_gmt":"2023-12-27T12:38:43","guid":{"rendered":"https:\/\/grupodeenlace.cescyl.es\/?p=2197"},"modified":"2023-12-27T14:38:43","modified_gmt":"2023-12-27T12:38:43","slug":"boletin-informativo-de-la-asociacion-de-ayuda-a-la-mujer-plaza-mayor-noviembre-diciembre-2023","status":"publish","type":"post","link":"https:\/\/grupodeenlace.cescyl.es\/?p=2197","title":{"rendered":"Bolet\u00edn informativo de la Asociaci\u00f3n de ayuda a la mujer Plaza Mayor (noviembre-diciembre 2023)"},"content":{"rendered":"\n<p>La Asociaci\u00f3n de ayuda a la mujer Plaza Mayor publica un Bolet\u00edn informativo sobre las actuaciones de la asociaci\u00f3n y noticias relacionadas con la sensibilizaci\u00f3n en igualdad y la prevenci\u00f3n de la violencia de g\u00e9nero.<\/p>\n\n\n\n<ul class=\"wp-block-list\">\n<li>Bolet\u00edn: <a href=\"https:\/\/mailchi.mp\/eeb1fa310e94\/boletn-marzo-abril-asociacin-de-ayuda-a-la-mujer-asociacin-plaza-mayor-17526988?e=daacf36094\">https:\/\/mailchi.mp\/eeb1fa310e94\/boletn-marzo-abril-asociacin-de-ayuda-a-la-mujer-asociacin-plaza-mayor-17526988?e=daacf36094<\/a><\/li>\n<\/ul>\n\n\n\n<figure class=\"wp-block-image size-full\"><img loading=\"lazy\" decoding=\"async\" width=\"551\" height=\"230\" src=\"https:\/\/grupodeenlace.cescyl.es\/wp-content\/uploads\/2023\/12\/plaza-mayor.png\" alt=\"\" class=\"wp-image-2198\" srcset=\"https:\/\/grupodeenlace.cescyl.es\/wp-content\/uploads\/2023\/12\/plaza-mayor.png 551w, https:\/\/grupodeenlace.cescyl.es\/wp-content\/uploads\/2023\/12\/plaza-mayor-300x125.png 300w\" sizes=\"auto, (max-width: 551px) 85vw, 551px\" \/><\/figure>\n","protected":false},"excerpt":{"rendered":"<p>La Asociaci\u00f3n de ayuda a la mujer Plaza Mayor publica un Bolet\u00edn informativo sobre las actuaciones de la asociaci\u00f3n y noticias relacionadas con la sensibilizaci\u00f3n en igualdad y la prevenci\u00f3n de la violencia de g\u00e9nero.<\/p>\n","protected":false},"author":2,"featured_media":0,"comment_status":"closed","ping_status":"","sticky":false,"template":"","format":"standard","meta":{"_s2mail":"yes","footnotes":""},"categories":[10],"tags":[],"class_list":["post-2197","post","type-post","status-publish","format-standard","hentry","category-noticias-de-los-miembros-del-grupo"],"_links":{"self":[{"href":"https:\/\/grupodeenlace.cescyl.es\/index.php?rest_route=\/wp\/v2\/posts\/2197","targetHints":{"allow":["GET"]}}],"collection":[{"href":"https:\/\/grupodeenlace.cescyl.es\/index.php?rest_route=\/wp\/v2\/posts"}],"about":[{"href":"https:\/\/grupodeenlace.cescyl.es\/index.php?rest_route=\/wp\/v2\/types\/post"}],"author":[{"embeddable":true,"href":"https:\/\/grupodeenlace.cescyl.es\/index.php?rest_route=\/wp\/v2\/users\/2"}],"replies":[{"embeddable":true,"href":"https:\/\/grupodeenlace.cescyl.es\/index.php?rest_route=%2Fwp%2Fv2%2Fcomments&post=2197"}],"version-history":[{"count":1,"href":"https:\/\/grupodeenlace.cescyl.es\/index.php?rest_route=\/wp\/v2\/posts\/2197\/revisions"}],"predecessor-version":[{"id":2199,"href":"https:\/\/grupodeenlace.cescyl.es\/index.php?rest_route=\/wp\/v2\/posts\/2197\/revisions\/2199"}],"wp:attachment":[{"href":"https:\/\/grupodeenlace.cescyl.es\/index.php?rest_route=%2Fwp%2Fv2%2Fmedia&parent=2197"}],"wp:term":[{"taxonomy":"category","embeddable":true,"href":"https:\/\/grupodeenlace.cescyl.es\/index.php?rest_route=%2Fwp%2Fv2%2Fcategories&post=2197"},{"taxonomy":"post_tag","embeddable":true,"href":"https:\/\/grupodeenlace.cescyl.es\/index.php?rest_route=%2Fwp%2Fv2%2Ftags&post=2197"}],"curies":[{"name":"wp","href":"https:\/\/api.w.org\/{rel}","templated":true}]}}