{"id":2220,"date":"2024-01-29T15:29:10","date_gmt":"2024-01-29T13:29:10","guid":{"rendered":"http:\/\/grupodeenlace.cescyl.es\/?p=2220"},"modified":"2024-01-29T15:29:10","modified_gmt":"2024-01-29T13:29:10","slug":"reforma-del-articulo-49-de-la-constitucion-espanola-2","status":"publish","type":"post","link":"https:\/\/grupodeenlace.cescyl.es\/?p=2220","title":{"rendered":"Reforma del art\u00edculo 49 de la Constituci\u00f3n Espa\u00f1ola"},"content":{"rendered":"\n<p><\/p>\n\n\n\n<p>El Pleno del Congreso de los Diputados aprob\u00f3, en su sesi\u00f3n del d\u00eda 18 de enero de 2024, la Proposici\u00f3n de Reforma del art\u00edculo 49 de la Constituci\u00f3n Espa\u00f1ola, de acuerdo con lo establecido en el art\u00edculo 167 de la Constituci\u00f3n y habiendo obtenido dicho texto, en votaci\u00f3n final, la mayor\u00eda de tres quintos<\/p>\n\n\n\n<p>prevista en el citado precepto constitucional.<\/p>\n\n\n\n<p>El Pleno del Senado ha aprobado igualmente dicha Proposici\u00f3n de Reforma del art\u00edculo 49 de la Constituci\u00f3n Espa\u00f1ola, en su sesi\u00f3n extraordinaria n\u00famero 10, celebrada el d\u00eda 25 de enero de 2024, de acuerdo con el art\u00edculo 167 de la Constituci\u00f3n y habiendo obtenido dicho texto, en votaci\u00f3n final, la mayor\u00eda<\/p>\n\n\n\n<p>de tres quintos prevista en el citado precepto constitucional, sin introducir modificaciones al texto remitido por el Congreso de los Diputados.<\/p>\n\n\n\n<p>En consecuencia, la Presidencia de la C\u00e1mara ha hecho p\u00fablica la apertura del plazo de quince d\u00edas previsto en el art\u00edculo 167.3 de la Constituci\u00f3n Espa\u00f1ola, que concluir\u00e1 el d\u00eda 12 de febrero de 2024, dentro del cual una d\u00e9cima parte de los miembros de la C\u00e1mara podr\u00e1 solicitar que la reforma aprobada por las Cortes Generales sea sometida a refer\u00e9ndum para su ratificaci\u00f3n.<\/p>\n\n\n\n<p>Con esta nueva redacci\u00f3n se pretende la actualizaci\u00f3n del art\u00edculo 49 de la Constituci\u00f3n Espa\u00f1ola en cuanto a su lenguaje y contenido para reflejar los valores que inspiran la protecci\u00f3n de las personas con discapacidad, tanto en el \u00e1mbito nacional como internacional, de manera que este precepto vuelva a ser referencia para la protecci\u00f3n y promoci\u00f3n de los derechos de las personas con discapacidad en Espa\u00f1a.<\/p>\n\n\n\n<ul class=\"wp-block-list\">\n<li><strong>Proposici\u00f3n de Reforma (Bolet\u00edn Oficial de las Cortes Generales de 23 de enero de 2024)<\/strong><\/li>\n<\/ul>\n\n\n\n<p><a href=\"https:\/\/www.congreso.es\/public_oficiales\/L15\/CONG\/BOCG\/B\/BOCG-15-B-56-4.PDF\">https:\/\/www.congreso.es\/public_oficiales\/L15\/CONG\/BOCG\/B\/BOCG-15-B-56-4.PDF<\/a><\/p>\n\n\n\n<ul class=\"wp-block-list\">\n<li><strong>Aprobaci\u00f3n por el Senado y apertura de plazo previsto en el art\u00edculo <\/strong><strong>167.3 de la Constituci\u00f3n Espa\u00f1ola<\/strong><strong> (Bolet\u00edn Oficial de las Cortes Generales de 26 de enero de 2024)<\/strong><\/li>\n<\/ul>\n\n\n\n<p><a href=\"https:\/\/www.senado.es\/legis15\/publicaciones\/pdf\/senado\/bocg\/BOCG_T_15_55.PDF\">https:\/\/www.senado.es\/legis15\/publicaciones\/pdf\/senado\/bocg\/BOCG_T_15_55.PDF<\/a><\/p>\n","protected":false},"excerpt":{"rendered":"<p>El Pleno del Congreso de los Diputados aprob\u00f3, en su sesi\u00f3n del d\u00eda 18 de enero de 2024, la Proposici\u00f3n de Reforma del art\u00edculo 49 de la Constituci\u00f3n Espa\u00f1ola, de acuerdo con lo establecido en el art\u00edculo 167 de la Constituci\u00f3n y habiendo obtenido dicho texto, en votaci\u00f3n final, la mayor\u00eda de tres quintos prevista &hellip; <a href=\"https:\/\/grupodeenlace.cescyl.es\/?p=2220\" class=\"more-link\">Continuar leyendo<span class=\"screen-reader-text\"> &#8220;Reforma del art\u00edculo 49 de la Constituci\u00f3n Espa\u00f1ola&#8221;<\/span><\/a><\/p>\n","protected":false},"author":2,"featured_media":0,"comment_status":"closed","ping_status":"closed","sticky":false,"template":"","format":"standard","meta":{"_s2mail":"","footnotes":""},"categories":[2],"tags":[],"class_list":["post-2220","post","type-post","status-publish","format-standard","hentry","category-normativa"],"_links":{"self":[{"href":"https:\/\/grupodeenlace.cescyl.es\/index.php?rest_route=\/wp\/v2\/posts\/2220","targetHints":{"allow":["GET"]}}],"collection":[{"href":"https:\/\/grupodeenlace.cescyl.es\/index.php?rest_route=\/wp\/v2\/posts"}],"about":[{"href":"https:\/\/grupodeenlace.cescyl.es\/index.php?rest_route=\/wp\/v2\/types\/post"}],"author":[{"embeddable":true,"href":"https:\/\/grupodeenlace.cescyl.es\/index.php?rest_route=\/wp\/v2\/users\/2"}],"replies":[{"embeddable":true,"href":"https:\/\/grupodeenlace.cescyl.es\/index.php?rest_route=%2Fwp%2Fv2%2Fcomments&post=2220"}],"version-history":[{"count":1,"href":"https:\/\/grupodeenlace.cescyl.es\/index.php?rest_route=\/wp\/v2\/posts\/2220\/revisions"}],"predecessor-version":[{"id":2221,"href":"https:\/\/grupodeenlace.cescyl.es\/index.php?rest_route=\/wp\/v2\/posts\/2220\/revisions\/2221"}],"wp:attachment":[{"href":"https:\/\/grupodeenlace.cescyl.es\/index.php?rest_route=%2Fwp%2Fv2%2Fmedia&parent=2220"}],"wp:term":[{"taxonomy":"category","embeddable":true,"href":"https:\/\/grupodeenlace.cescyl.es\/index.php?rest_route=%2Fwp%2Fv2%2Fcategories&post=2220"},{"taxonomy":"post_tag","embeddable":true,"href":"https:\/\/grupodeenlace.cescyl.es\/index.php?rest_route=%2Fwp%2Fv2%2Ftags&post=2220"}],"curies":[{"name":"wp","href":"https:\/\/api.w.org\/{rel}","templated":true}]}}