{"id":2239,"date":"2024-02-19T11:31:14","date_gmt":"2024-02-19T09:31:14","guid":{"rendered":"http:\/\/grupodeenlace.cescyl.es\/?p=2239"},"modified":"2024-02-19T11:44:37","modified_gmt":"2024-02-19T09:44:37","slug":"convocatoria-de-la-accion-concertada-para-la-prestacion-del-servicio-centros-de-crisis-de-atencion-a-victimas-de-violencias-sexuales","status":"publish","type":"post","link":"https:\/\/grupodeenlace.cescyl.es\/?p=2239","title":{"rendered":"Convocatoria de la acci\u00f3n concertada para la prestaci\u00f3n del servicio \u00abCentros de crisis de atenci\u00f3n a v\u00edctimas de violencias sexuales\u00bb."},"content":{"rendered":"\n<p><\/p>\n\n\n\n<p>El BOCyL de 9 de febrero de 2024 publica la Resoluci\u00f3n por la que se convoca la acci\u00f3n concertada para la prestaci\u00f3n del servicio centro de crisis de atenci\u00f3n a v\u00edctimas de violencias sexuales.<\/p>\n\n\n\n<p>Los del servicio que se concertar\u00e1n son:<\/p>\n\n\n\n<p>1. El servicio objeto de concertaci\u00f3n comprender\u00e1 la atenci\u00f3n a v\u00edctimas de violencias sexuales.<\/p>\n\n\n\n<p>2. El servicio de atenci\u00f3n en los centros de crisis comprender\u00e1 informaci\u00f3n, atenci\u00f3n psicol\u00f3gica, asesoramiento jur\u00eddico y acompa\u00f1amiento social.<\/p>\n\n\n\n<p>3. Los centros de crisis desarrollar\u00e1n, adem\u00e1s, iniciativas de prevenci\u00f3n de la violencia sexual y de sensibilizaci\u00f3n con el objeto de mejorar el trato social a las v\u00edctimas y su credibilidad. Estas iniciativas requerir\u00e1n la autorizaci\u00f3n previa del \u00f3rgano directivo competente en materia de atenci\u00f3n a v\u00edctimas de violencia contra las mujeres.<\/p>\n\n\n\n<p>4. En todos los centros se prestar\u00e1 una atenci\u00f3n presencial, telef\u00f3nica y telem\u00e1tica.<\/p>\n\n\n\n<ul class=\"wp-block-list\">\n<li><strong>Resoluci\u00f3n de 8 de febrero de 2024, de la Presidencia del Consejo de Administraci\u00f3n de la Gerencia de Servicios Sociales de Castilla y Le\u00f3n<\/strong><\/li>\n<\/ul>\n\n\n\n<p><a href=\"https:\/\/bocyl.jcyl.es\/html\/2024\/02\/09\/html\/BOCYL-D-09022024-14.do\">https:\/\/bocyl.jcyl.es\/html\/2024\/02\/09\/html\/BOCYL-D-09022024-14.do<\/a><\/p>\n","protected":false},"excerpt":{"rendered":"<p>El BOCyL de 9 de febrero de 2024 publica la Resoluci\u00f3n por la que se convoca la acci\u00f3n concertada para la prestaci\u00f3n del servicio centro de crisis de atenci\u00f3n a v\u00edctimas de violencias sexuales. Los del servicio que se concertar\u00e1n son: 1. El servicio objeto de concertaci\u00f3n comprender\u00e1 la atenci\u00f3n a v\u00edctimas de violencias sexuales. &hellip; <a href=\"https:\/\/grupodeenlace.cescyl.es\/?p=2239\" class=\"more-link\">Continuar leyendo<span class=\"screen-reader-text\"> &#8220;Convocatoria de la acci\u00f3n concertada para la prestaci\u00f3n del servicio \u00abCentros de crisis de atenci\u00f3n a v\u00edctimas de violencias sexuales\u00bb.&#8221;<\/span><\/a><\/p>\n","protected":false},"author":2,"featured_media":0,"comment_status":"closed","ping_status":"closed","sticky":false,"template":"","format":"standard","meta":{"_s2mail":"yes","footnotes":""},"categories":[2],"tags":[],"class_list":["post-2239","post","type-post","status-publish","format-standard","hentry","category-normativa"],"_links":{"self":[{"href":"https:\/\/grupodeenlace.cescyl.es\/index.php?rest_route=\/wp\/v2\/posts\/2239","targetHints":{"allow":["GET"]}}],"collection":[{"href":"https:\/\/grupodeenlace.cescyl.es\/index.php?rest_route=\/wp\/v2\/posts"}],"about":[{"href":"https:\/\/grupodeenlace.cescyl.es\/index.php?rest_route=\/wp\/v2\/types\/post"}],"author":[{"embeddable":true,"href":"https:\/\/grupodeenlace.cescyl.es\/index.php?rest_route=\/wp\/v2\/users\/2"}],"replies":[{"embeddable":true,"href":"https:\/\/grupodeenlace.cescyl.es\/index.php?rest_route=%2Fwp%2Fv2%2Fcomments&post=2239"}],"version-history":[{"count":2,"href":"https:\/\/grupodeenlace.cescyl.es\/index.php?rest_route=\/wp\/v2\/posts\/2239\/revisions"}],"predecessor-version":[{"id":2244,"href":"https:\/\/grupodeenlace.cescyl.es\/index.php?rest_route=\/wp\/v2\/posts\/2239\/revisions\/2244"}],"wp:attachment":[{"href":"https:\/\/grupodeenlace.cescyl.es\/index.php?rest_route=%2Fwp%2Fv2%2Fmedia&parent=2239"}],"wp:term":[{"taxonomy":"category","embeddable":true,"href":"https:\/\/grupodeenlace.cescyl.es\/index.php?rest_route=%2Fwp%2Fv2%2Fcategories&post=2239"},{"taxonomy":"post_tag","embeddable":true,"href":"https:\/\/grupodeenlace.cescyl.es\/index.php?rest_route=%2Fwp%2Fv2%2Ftags&post=2239"}],"curies":[{"name":"wp","href":"https:\/\/api.w.org\/{rel}","templated":true}]}}