{"id":2242,"date":"2024-02-19T09:31:02","date_gmt":"2024-02-19T07:31:02","guid":{"rendered":"https:\/\/grupodeenlace.cescyl.es\/?p=2242"},"modified":"2024-02-19T09:31:02","modified_gmt":"2024-02-19T07:31:02","slug":"entrada-en-vigor-de-la-reforma-del-articulo-49-de-la-constitucion-espanola-personas-con-discapacidad","status":"publish","type":"post","link":"https:\/\/grupodeenlace.cescyl.es\/?p=2242","title":{"rendered":"Entrada en vigor de la reforma del art\u00edculo 49 de la Constituci\u00f3n Espa\u00f1ola (personas con discapacidad)"},"content":{"rendered":"\n<p>La reforma del art\u00edculo 49 de la Constituci\u00f3n Espa\u00f1ola, de 15 de febrero de 2024 (BOE, n\u00fam. 43, 17 de febrero de 2024) ha entrado en vigor el 17 de febrero de 2024. El contenido del art\u00edculo 49 ha pasado a ser el siguiente:<\/p>\n\n\n\n<p>\u201c1. Las personas con discapacidad ejercen los derechos previstos en este T\u00edtulo en condiciones de libertad e igualdad reales y efectivas. Se regular\u00e1 por ley la protecci\u00f3n especial que sea necesaria para dicho ejercicio.<\/p>\n\n\n\n<p>2. Los poderes p\u00fablicos impulsar\u00e1n las pol\u00edticas que garanticen la plena autonom\u00eda personal y la inclusi\u00f3n social de las personas con discapacidad, en entornos universalmente accesibles. Asimismo, fomentar\u00e1n la participaci\u00f3n de sus organizaciones, en los t\u00e9rminos que la ley establezca. Se atender\u00e1n particularmente las necesidades espec\u00edficas de las mujeres y los menores con discapacidad\u201d.<\/p>\n\n\n\n<p>Su cuidado pre\u00e1mbulo detalla las razones que la han justificado. No se trata solamente de cambios terminol\u00f3gicos, que de por s\u00ed resultar\u00edan importantes, pues las palabras elegidas contribuyen a la mejor definici\u00f3n de los conceptos, a la apertura de perspectivas positivas o favorables, acordes con los objetivos y mandatos del art\u00edculo 9.2 de la Constituci\u00f3n Espa\u00f1ola (\u201ccondiciones de libertad e igualdad reales y efectivas\u201d), y a la eliminaci\u00f3n de las connotaciones negativas, discriminatorias y denigrantes.<\/p>\n\n\n\n<p>Se introducen tambi\u00e9n los planteamientos jur\u00eddicos, pol\u00edticos, econ\u00f3micos y sociales defendidos desde hace a\u00f1os por las organizaciones de representantes de las personas con discapacidad, entre las que sobresale el CERMI (Comit\u00e9 Espa\u00f1ol de Representantes de Personas con Discapacidad), sus diferentes estructuras de \u00e1mbito auton\u00f3mico (CERMI CYL forma parte del GRUPO DE ENLACE del CES de Castilla y Le\u00f3n) y sus entidades integrantes. No es casual que el nuevo contenido del art\u00edculo 49 contemple que los poderes p\u00fablicos \u201cfomentar\u00e1n la participaci\u00f3n de sus organizaciones, en los t\u00e9rminos que la ley establezca\u201d.<\/p>\n\n\n\n<p>En el texto previo del art\u00edculo 49 se afirmaba que \u201cLos poderes p\u00fablicos realizar\u00e1n una pol\u00edtica de previsi\u00f3n, tratamiento, rehabilitaci\u00f3n e integraci\u00f3n de los disminuidos f\u00edsicos, sensoriales y ps\u00edquicos, a los que prestar\u00e1n la atenci\u00f3n especializada que requieran y los amparar\u00e1n especialmente para el disfrute de los derechos que este T\u00edtulo otorga a todos los ciudadanos\u201d.<\/p>\n\n\n\n<p>El art\u00edculo 49 se ubica en el cap\u00edtulo tercero, \u201cDe los principios rectores de la pol\u00edtica social y econ\u00f3mica\u201d, del t\u00edtulo I, \u201cDe los derechos y deberes fundamentales\u201d. Su reforma, por ello, se ha regido por el art\u00edculo 167 CE:<\/p>\n\n\n\n<p>\u201c1. Los proyectos de reforma constitucional deber\u00e1n ser aprobados por una mayor\u00eda de tres quintos de cada una de las C\u00e1maras. Si no hubiera acuerdo entre ambas, se intentar\u00e1 obtenerlo mediante la creaci\u00f3n de una Comisi\u00f3n de composici\u00f3n paritaria de Diputados y Senadores, que presentar\u00e1 un texto que ser\u00e1 votado por el Congreso y el Senado.<\/p>\n\n\n\n<p>2. De no lograrse la aprobaci\u00f3n mediante el procedimiento del apartado anterior, y siempre que el texto hubiere obtenido el voto favorable de la mayor\u00eda absoluta del Senado, el Congreso, por mayor\u00eda de dos tercios, podr\u00e1 aprobar la reforma.<\/p>\n\n\n\n<p>3. Aprobada la reforma por las Cortes Generales, ser\u00e1 sometida a refer\u00e9ndum para su ratificaci\u00f3n cuando as\u00ed lo soliciten, dentro de los quince d\u00edas siguientes a su aprobaci\u00f3n, una d\u00e9cima parte de los miembros de cualquiera de las C\u00e1maras\u201d.<\/p>\n\n\n\n<ul class=\"wp-block-list\">\n<li><strong>Reforma del art\u00edculo 49 de la Constituci\u00f3n Espa\u00f1ola, de 15 de febrero de 2024.<\/strong><\/li>\n<\/ul>\n\n\n\n<p><a href=\"https:\/\/www.boe.es\/diario_boe\/txt.php?id=BOE-A-2024-3099\">https:\/\/www.boe.es\/diario_boe\/txt.php?id=BOE-A-2024-3099<\/a><\/p>\n","protected":false},"excerpt":{"rendered":"<p>La reforma del art\u00edculo 49 de la Constituci\u00f3n Espa\u00f1ola, de 15 de febrero de 2024 (BOE, n\u00fam. 43, 17 de febrero de 2024) ha entrado en vigor el 17 de febrero de 2024. El contenido del art\u00edculo 49 ha pasado a ser el siguiente: \u201c1. Las personas con discapacidad ejercen los derechos previstos en este &hellip; <a href=\"https:\/\/grupodeenlace.cescyl.es\/?p=2242\" class=\"more-link\">Continuar leyendo<span class=\"screen-reader-text\"> &#8220;Entrada en vigor de la reforma del art\u00edculo 49 de la Constituci\u00f3n Espa\u00f1ola (personas con discapacidad)&#8221;<\/span><\/a><\/p>\n","protected":false},"author":2,"featured_media":0,"comment_status":"closed","ping_status":"","sticky":false,"template":"","format":"standard","meta":{"_s2mail":"yes","footnotes":""},"categories":[2],"tags":[],"class_list":["post-2242","post","type-post","status-publish","format-standard","hentry","category-normativa"],"_links":{"self":[{"href":"https:\/\/grupodeenlace.cescyl.es\/index.php?rest_route=\/wp\/v2\/posts\/2242","targetHints":{"allow":["GET"]}}],"collection":[{"href":"https:\/\/grupodeenlace.cescyl.es\/index.php?rest_route=\/wp\/v2\/posts"}],"about":[{"href":"https:\/\/grupodeenlace.cescyl.es\/index.php?rest_route=\/wp\/v2\/types\/post"}],"author":[{"embeddable":true,"href":"https:\/\/grupodeenlace.cescyl.es\/index.php?rest_route=\/wp\/v2\/users\/2"}],"replies":[{"embeddable":true,"href":"https:\/\/grupodeenlace.cescyl.es\/index.php?rest_route=%2Fwp%2Fv2%2Fcomments&post=2242"}],"version-history":[{"count":1,"href":"https:\/\/grupodeenlace.cescyl.es\/index.php?rest_route=\/wp\/v2\/posts\/2242\/revisions"}],"predecessor-version":[{"id":2243,"href":"https:\/\/grupodeenlace.cescyl.es\/index.php?rest_route=\/wp\/v2\/posts\/2242\/revisions\/2243"}],"wp:attachment":[{"href":"https:\/\/grupodeenlace.cescyl.es\/index.php?rest_route=%2Fwp%2Fv2%2Fmedia&parent=2242"}],"wp:term":[{"taxonomy":"category","embeddable":true,"href":"https:\/\/grupodeenlace.cescyl.es\/index.php?rest_route=%2Fwp%2Fv2%2Fcategories&post=2242"},{"taxonomy":"post_tag","embeddable":true,"href":"https:\/\/grupodeenlace.cescyl.es\/index.php?rest_route=%2Fwp%2Fv2%2Ftags&post=2242"}],"curies":[{"name":"wp","href":"https:\/\/api.w.org\/{rel}","templated":true}]}}