{"id":225,"date":"2020-09-02T04:39:00","date_gmt":"2020-09-02T04:39:00","guid":{"rendered":"http:\/\/grupodeenlace.cescyl.es\/?p=225"},"modified":"2020-09-12T04:55:27","modified_gmt":"2020-09-12T04:55:27","slug":"el-papel-de-los-interlocutores-sociales-en-la-lucha-contra-la-discriminacion-en-el-trabajo","status":"publish","type":"post","link":"https:\/\/grupodeenlace.cescyl.es\/?p=225","title":{"rendered":"El papel de los interlocutores sociales en la lucha contra la discriminaci\u00f3n en el trabajo"},"content":{"rendered":"\n<p><strong><span class=\"has-inline-color has-dark-gray-color\">Flash de actualidad del Consejo Econ\u00f3mico y Social de Castilla y Le\u00f3n<\/span><\/strong><\/p>\n\n\n\n<figure class=\"wp-block-image size-large is-resized\"><img loading=\"lazy\" decoding=\"async\" src=\"https:\/\/grupodeenlace.cescyl.es\/wp-content\/uploads\/2020\/09\/image-7.png\" alt=\"\" class=\"wp-image-230\" width=\"627\" height=\"190\" srcset=\"https:\/\/grupodeenlace.cescyl.es\/wp-content\/uploads\/2020\/09\/image-7.png 567w, https:\/\/grupodeenlace.cescyl.es\/wp-content\/uploads\/2020\/09\/image-7-300x91.png 300w\" sizes=\"auto, (max-width: 709px) 85vw, (max-width: 909px) 67vw, (max-width: 984px) 61vw, (max-width: 1362px) 45vw, 600px\" \/><\/figure>\n\n\n\n<p>Informe que eval\u00faa el papel de los interlocutores sociales en la lucha contra la discriminaci\u00f3n en el lugar de trabajo. En el contexto de la legislaci\u00f3n nacional y de la UE contra la discriminaci\u00f3n, destaca hasta qu\u00e9 punto la necesidad de abordar la discriminaci\u00f3n por diferentes motivos est\u00e1 en el radar de los interlocutores sociales intersectoriales. Tambi\u00e9n ofrece un panorama general de las medidas adoptadas para hacer frente a la persistente incidencia de discriminaci\u00f3n por motivos de edad, discapacidad, raza u origen \u00e9tnico, religi\u00f3n o creencias y orientaci\u00f3n sexual o identidad de g\u00e9nero.<\/p>\n\n\n\n<ul class=\"wp-block-list\"><li>Ficha CESCyL:<\/li><\/ul>\n\n\n\n<p><a href=\"http:\/\/www.cescyl.es\/ces\/es\/publicaciones\/fichas-actualidad\/flash-actualidad-papel-interlocutores-sociales-lucha-discri\">http:\/\/www.cescyl.es\/ces\/es\/publicaciones\/fichas-actualidad\/flash-actualidad-papel-interlocutores-sociales-lucha-discri<\/a><\/p>\n\n\n\n<ul class=\"wp-block-list\"><li>Informe:<\/li><\/ul>\n\n\n\n<p><a href=\"https:\/\/www.eurofound.europa.eu\/publications\/customised-report\/2020\/role-of-social-partners-in-tackling-discrimination-at-work\">https:\/\/www.eurofound.europa.eu\/publications\/customised-report\/2020\/role-of-social-partners-in-tackling-discrimination-at-work<\/a><\/p>\n\n\n","protected":false},"excerpt":{"rendered":"<p>Flash de actualidad del Consejo Econ\u00f3mico y Social de Castilla y Le\u00f3n Informe que eval\u00faa el papel de los interlocutores sociales en la lucha contra la discriminaci\u00f3n en el lugar de trabajo. En el contexto de la legislaci\u00f3n nacional y de la UE contra la discriminaci\u00f3n, destaca hasta qu\u00e9 punto la necesidad de abordar la &hellip; <a href=\"https:\/\/grupodeenlace.cescyl.es\/?p=225\" class=\"more-link\">Continuar leyendo<span class=\"screen-reader-text\"> &#8220;El papel de los interlocutores sociales en la lucha contra la discriminaci\u00f3n en el trabajo&#8221;<\/span><\/a><\/p>\n","protected":false},"author":2,"featured_media":0,"comment_status":"open","ping_status":"open","sticky":false,"template":"","format":"standard","meta":{"_s2mail":"","footnotes":""},"categories":[3],"tags":[],"class_list":["post-225","post","type-post","status-publish","format-standard","hentry","category-informacion-y-publicaciones-ces"],"_links":{"self":[{"href":"https:\/\/grupodeenlace.cescyl.es\/index.php?rest_route=\/wp\/v2\/posts\/225","targetHints":{"allow":["GET"]}}],"collection":[{"href":"https:\/\/grupodeenlace.cescyl.es\/index.php?rest_route=\/wp\/v2\/posts"}],"about":[{"href":"https:\/\/grupodeenlace.cescyl.es\/index.php?rest_route=\/wp\/v2\/types\/post"}],"author":[{"embeddable":true,"href":"https:\/\/grupodeenlace.cescyl.es\/index.php?rest_route=\/wp\/v2\/users\/2"}],"replies":[{"embeddable":true,"href":"https:\/\/grupodeenlace.cescyl.es\/index.php?rest_route=%2Fwp%2Fv2%2Fcomments&post=225"}],"version-history":[{"count":3,"href":"https:\/\/grupodeenlace.cescyl.es\/index.php?rest_route=\/wp\/v2\/posts\/225\/revisions"}],"predecessor-version":[{"id":233,"href":"https:\/\/grupodeenlace.cescyl.es\/index.php?rest_route=\/wp\/v2\/posts\/225\/revisions\/233"}],"wp:attachment":[{"href":"https:\/\/grupodeenlace.cescyl.es\/index.php?rest_route=%2Fwp%2Fv2%2Fmedia&parent=225"}],"wp:term":[{"taxonomy":"category","embeddable":true,"href":"https:\/\/grupodeenlace.cescyl.es\/index.php?rest_route=%2Fwp%2Fv2%2Fcategories&post=225"},{"taxonomy":"post_tag","embeddable":true,"href":"https:\/\/grupodeenlace.cescyl.es\/index.php?rest_route=%2Fwp%2Fv2%2Ftags&post=225"}],"curies":[{"name":"wp","href":"https:\/\/api.w.org\/{rel}","templated":true}]}}