{"id":227,"date":"2020-09-01T04:41:00","date_gmt":"2020-09-01T04:41:00","guid":{"rendered":"http:\/\/grupodeenlace.cescyl.es\/?p=227"},"modified":"2020-09-12T04:56:10","modified_gmt":"2020-09-12T04:56:10","slug":"eje-camino-de-santiago-via-de-la-plata","status":"publish","type":"post","link":"https:\/\/grupodeenlace.cescyl.es\/?p=227","title":{"rendered":"Eje Camino de Santiago-V\u00eda de la Plata"},"content":{"rendered":"\n<p><strong>Flash de actualidad del Consejo Econ\u00f3mico y Social de Castilla y Le\u00f3n<\/strong><\/p>\n\n\n\n<figure class=\"wp-block-image size-large is-resized\"><img loading=\"lazy\" decoding=\"async\" src=\"https:\/\/grupodeenlace.cescyl.es\/wp-content\/uploads\/2020\/09\/image-6.png\" alt=\"\" class=\"wp-image-228\" width=\"630\" height=\"191\" srcset=\"https:\/\/grupodeenlace.cescyl.es\/wp-content\/uploads\/2020\/09\/image-6.png 567w, https:\/\/grupodeenlace.cescyl.es\/wp-content\/uploads\/2020\/09\/image-6-300x91.png 300w\" sizes=\"auto, (max-width: 709px) 85vw, (max-width: 909px) 67vw, (max-width: 984px) 61vw, (max-width: 1362px) 45vw, 600px\" \/><\/figure>\n\n\n\n<p>Informe con propuestas de impacto en Castilla y Le\u00f3n sobre el desarrollo local en el eje del Camino de Santiago-V\u00eda de la Plata<\/p>\n\n\n\n<ul class=\"wp-block-list\"><li>Ficha CESCyL:<\/li><\/ul>\n\n\n\n<p><a href=\"http:\/\/www.cescyl.es\/es\/publicaciones\/fichas-actualidad\/flash-actualidad-eje-camino-santiago-via-plata-sep-2020\">http:\/\/www.cescyl.es\/es\/publicaciones\/fichas-actualidad\/flash-actualidad-eje-camino-santiago-via-plata-sep-2020<\/a><\/p>\n\n\n\n<ul class=\"wp-block-list\"><li><strong>Acceso al documento:<\/strong><\/li><\/ul>\n\n\n\n<p><a href=\"https:\/\/www.ces-galicia.org\/publicacions\/informes\/cami%C3%B1o-santiago-v%C3%ADa-prata\">https:\/\/www.ces-galicia.org\/publicacions\/informes\/cami%C3%B1o-santiago-v%C3%ADa-prata<\/a><\/p>\n","protected":false},"excerpt":{"rendered":"<p>Flash de actualidad del Consejo Econ\u00f3mico y Social de Castilla y Le\u00f3n Informe con propuestas de impacto en Castilla y Le\u00f3n sobre el desarrollo local en el eje del Camino de Santiago-V\u00eda de la Plata Ficha CESCyL: http:\/\/www.cescyl.es\/es\/publicaciones\/fichas-actualidad\/flash-actualidad-eje-camino-santiago-via-plata-sep-2020 Acceso al documento: https:\/\/www.ces-galicia.org\/publicacions\/informes\/cami%C3%B1o-santiago-v%C3%ADa-prata<\/p>\n","protected":false},"author":2,"featured_media":0,"comment_status":"open","ping_status":"open","sticky":false,"template":"","format":"standard","meta":{"_s2mail":"","footnotes":""},"categories":[3],"tags":[],"class_list":["post-227","post","type-post","status-publish","format-standard","hentry","category-informacion-y-publicaciones-ces"],"_links":{"self":[{"href":"https:\/\/grupodeenlace.cescyl.es\/index.php?rest_route=\/wp\/v2\/posts\/227","targetHints":{"allow":["GET"]}}],"collection":[{"href":"https:\/\/grupodeenlace.cescyl.es\/index.php?rest_route=\/wp\/v2\/posts"}],"about":[{"href":"https:\/\/grupodeenlace.cescyl.es\/index.php?rest_route=\/wp\/v2\/types\/post"}],"author":[{"embeddable":true,"href":"https:\/\/grupodeenlace.cescyl.es\/index.php?rest_route=\/wp\/v2\/users\/2"}],"replies":[{"embeddable":true,"href":"https:\/\/grupodeenlace.cescyl.es\/index.php?rest_route=%2Fwp%2Fv2%2Fcomments&post=227"}],"version-history":[{"count":3,"href":"https:\/\/grupodeenlace.cescyl.es\/index.php?rest_route=\/wp\/v2\/posts\/227\/revisions"}],"predecessor-version":[{"id":235,"href":"https:\/\/grupodeenlace.cescyl.es\/index.php?rest_route=\/wp\/v2\/posts\/227\/revisions\/235"}],"wp:attachment":[{"href":"https:\/\/grupodeenlace.cescyl.es\/index.php?rest_route=%2Fwp%2Fv2%2Fmedia&parent=227"}],"wp:term":[{"taxonomy":"category","embeddable":true,"href":"https:\/\/grupodeenlace.cescyl.es\/index.php?rest_route=%2Fwp%2Fv2%2Fcategories&post=227"},{"taxonomy":"post_tag","embeddable":true,"href":"https:\/\/grupodeenlace.cescyl.es\/index.php?rest_route=%2Fwp%2Fv2%2Ftags&post=227"}],"curies":[{"name":"wp","href":"https:\/\/api.w.org\/{rel}","templated":true}]}}