{"id":2345,"date":"2024-07-03T13:09:00","date_gmt":"2024-07-03T11:09:00","guid":{"rendered":"https:\/\/grupodeenlace.cescyl.es\/?p=2345"},"modified":"2024-07-03T13:09:00","modified_gmt":"2024-07-03T11:09:00","slug":"informe-sobre-la-situacion-economica-y-social-de-castilla-y-leon-en-2023","status":"publish","type":"post","link":"https:\/\/grupodeenlace.cescyl.es\/?p=2345","title":{"rendered":"Informe sobre la situaci\u00f3n econ\u00f3mica y social de Castilla y Le\u00f3n en 2023"},"content":{"rendered":"\n<p><\/p>\n\n\n\n<p>El 28 de junio de 2024 el Pleno del CES aprob\u00f3 por unanimidad el Informe sobre la Situaci\u00f3n Econ\u00f3mica y Social de Castilla y Le\u00f3n en 2023. Un documento que se publica en versi\u00f3n electr\u00f3nica en dos Tomos y un anexo de Poblaci\u00f3n. El Tomo I es un an\u00e1lisis de la econom\u00eda, el mercado laboral y de la calidad de vida y la protecci\u00f3n social; y el Tomo II ofrece este a\u00f1o 444 recomendaciones y conclusiones consensuadas sobre los aspectos estudiados.<\/p>\n\n\n\n<ul class=\"wp-block-list\">\n<li><strong>Informe:<\/strong> <a href=\"https:\/\/www.cescyl.es\/es\/publicaciones\/informes-anuales\/informe-situacion-economica-social-castilla-leon-2023\">https:\/\/www.cescyl.es\/es\/publicaciones\/informes-anuales\/informe-situacion-economica-social-castilla-leon-2023<\/a><\/li>\n<\/ul>\n\n\n\n<figure class=\"wp-block-image size-full\"><img loading=\"lazy\" decoding=\"async\" width=\"668\" height=\"945\" src=\"https:\/\/grupodeenlace.cescyl.es\/wp-content\/uploads\/2024\/07\/image.png\" alt=\"\" class=\"wp-image-2346\" srcset=\"https:\/\/grupodeenlace.cescyl.es\/wp-content\/uploads\/2024\/07\/image.png 668w, https:\/\/grupodeenlace.cescyl.es\/wp-content\/uploads\/2024\/07\/image-212x300.png 212w\" sizes=\"auto, (max-width: 709px) 85vw, (max-width: 909px) 67vw, (max-width: 984px) 61vw, (max-width: 1362px) 45vw, 600px\" \/><\/figure>\n","protected":false},"excerpt":{"rendered":"<p>El 28 de junio de 2024 el Pleno del CES aprob\u00f3 por unanimidad el Informe sobre la Situaci\u00f3n Econ\u00f3mica y Social de Castilla y Le\u00f3n en 2023. Un documento que se publica en versi\u00f3n electr\u00f3nica en dos Tomos y un anexo de Poblaci\u00f3n. El Tomo I es un an\u00e1lisis de la econom\u00eda, el mercado laboral &hellip; <a href=\"https:\/\/grupodeenlace.cescyl.es\/?p=2345\" class=\"more-link\">Continuar leyendo<span class=\"screen-reader-text\"> &#8220;Informe sobre la situaci\u00f3n econ\u00f3mica y social de Castilla y Le\u00f3n en 2023&#8221;<\/span><\/a><\/p>\n","protected":false},"author":2,"featured_media":0,"comment_status":"closed","ping_status":"closed","sticky":false,"template":"","format":"standard","meta":{"_s2mail":"yes","footnotes":""},"categories":[3],"tags":[],"class_list":["post-2345","post","type-post","status-publish","format-standard","hentry","category-informacion-y-publicaciones-ces"],"_links":{"self":[{"href":"https:\/\/grupodeenlace.cescyl.es\/index.php?rest_route=\/wp\/v2\/posts\/2345","targetHints":{"allow":["GET"]}}],"collection":[{"href":"https:\/\/grupodeenlace.cescyl.es\/index.php?rest_route=\/wp\/v2\/posts"}],"about":[{"href":"https:\/\/grupodeenlace.cescyl.es\/index.php?rest_route=\/wp\/v2\/types\/post"}],"author":[{"embeddable":true,"href":"https:\/\/grupodeenlace.cescyl.es\/index.php?rest_route=\/wp\/v2\/users\/2"}],"replies":[{"embeddable":true,"href":"https:\/\/grupodeenlace.cescyl.es\/index.php?rest_route=%2Fwp%2Fv2%2Fcomments&post=2345"}],"version-history":[{"count":1,"href":"https:\/\/grupodeenlace.cescyl.es\/index.php?rest_route=\/wp\/v2\/posts\/2345\/revisions"}],"predecessor-version":[{"id":2347,"href":"https:\/\/grupodeenlace.cescyl.es\/index.php?rest_route=\/wp\/v2\/posts\/2345\/revisions\/2347"}],"wp:attachment":[{"href":"https:\/\/grupodeenlace.cescyl.es\/index.php?rest_route=%2Fwp%2Fv2%2Fmedia&parent=2345"}],"wp:term":[{"taxonomy":"category","embeddable":true,"href":"https:\/\/grupodeenlace.cescyl.es\/index.php?rest_route=%2Fwp%2Fv2%2Fcategories&post=2345"},{"taxonomy":"post_tag","embeddable":true,"href":"https:\/\/grupodeenlace.cescyl.es\/index.php?rest_route=%2Fwp%2Fv2%2Ftags&post=2345"}],"curies":[{"name":"wp","href":"https:\/\/api.w.org\/{rel}","templated":true}]}}