{"id":2349,"date":"2024-07-09T09:00:34","date_gmt":"2024-07-09T07:00:34","guid":{"rendered":"https:\/\/grupodeenlace.cescyl.es\/?p=2349"},"modified":"2024-07-09T09:01:41","modified_gmt":"2024-07-09T07:01:41","slug":"directiva-sobre-diligencia-debida-de-las-empresas-en-materia-de-sostenibilidad","status":"publish","type":"post","link":"https:\/\/grupodeenlace.cescyl.es\/?p=2349","title":{"rendered":"Directiva sobre diligencia debida de las empresas en materia de sostenibilidad"},"content":{"rendered":"\n<p><\/p>\n\n\n\n<p>El 5 de julio de 2024 se publica en el DOUE la sobre diligencia debida de las empresas en materia de sostenibilidad y por la que se modifican la Directiva (UE) 2019\/1937 y el Reglamento (UE) 2023\/2859.<\/p>\n\n\n\n<p>La Directiva establece las obligaciones que incumben a las empresas en relaci\u00f3n con los efectos adversos, reales y potenciales, para los derechos humanos y el medio ambiente de sus propias operaciones, de las operaciones de sus filiales y de las operaciones efectuadas por sus socios comerciales en las cadenas de actividades de dichas empresas; y la obligaci\u00f3n de las empresas de adoptar y llevar a efecto un plan de transici\u00f3n para la mitigaci\u00f3n del cambio clim\u00e1tico que tenga por objeto garantizar, poniendo todos los medios para ello, la compatibilidad del modelo de negocio y de la estrategia de la empresa con la transici\u00f3n a una econom\u00eda sostenible y con la limitaci\u00f3n del calentamiento global a 1,5 \u00baC en consonancia con el Acuerdo de Par\u00eds.<\/p>\n\n\n\n<p>La Directiva entra en vigor el 25 de julio de 2024, a los veinte d\u00edas de su publicaci\u00f3n en el Diario Oficial de la Uni\u00f3n Europea. Los Estados miembros adoptar\u00e1n y publicar\u00e1n, a m\u00e1s tardar el 26 de julio de 2026, las disposiciones legales, reglamentarias y administrativas necesarias para dar cumplimiento a lo establecido en la presente Directiva.<\/p>\n\n\n\n<ul class=\"wp-block-list\">\n<li><strong>Directiva (UE) 2024\/1760 del Parlamento Europeo y del Consejo, de 13 de junio de 2024<\/strong><\/li>\n<\/ul>\n\n\n\n<p><a href=\"https:\/\/www.boe.es\/buscar\/doc.php?id=DOUE-L-2024-81037\">https:\/\/www.boe.es\/buscar\/doc.php?id=DOUE-L-2024-81037<\/a><\/p>\n\n\n\n<p><\/p>\n\n\n\n<p><\/p>\n","protected":false},"excerpt":{"rendered":"<p>El 5 de julio de 2024 se publica en el DOUE la sobre diligencia debida de las empresas en materia de sostenibilidad y por la que se modifican la Directiva (UE) 2019\/1937 y el Reglamento (UE) 2023\/2859. La Directiva establece las obligaciones que incumben a las empresas en relaci\u00f3n con los efectos adversos, reales y &hellip; <a href=\"https:\/\/grupodeenlace.cescyl.es\/?p=2349\" class=\"more-link\">Continuar leyendo<span class=\"screen-reader-text\"> &#8220;Directiva sobre diligencia debida de las empresas en materia de sostenibilidad&#8221;<\/span><\/a><\/p>\n","protected":false},"author":2,"featured_media":0,"comment_status":"closed","ping_status":"closed","sticky":false,"template":"","format":"standard","meta":{"_s2mail":"yes","footnotes":""},"categories":[2],"tags":[],"class_list":["post-2349","post","type-post","status-publish","format-standard","hentry","category-normativa"],"_links":{"self":[{"href":"https:\/\/grupodeenlace.cescyl.es\/index.php?rest_route=\/wp\/v2\/posts\/2349","targetHints":{"allow":["GET"]}}],"collection":[{"href":"https:\/\/grupodeenlace.cescyl.es\/index.php?rest_route=\/wp\/v2\/posts"}],"about":[{"href":"https:\/\/grupodeenlace.cescyl.es\/index.php?rest_route=\/wp\/v2\/types\/post"}],"author":[{"embeddable":true,"href":"https:\/\/grupodeenlace.cescyl.es\/index.php?rest_route=\/wp\/v2\/users\/2"}],"replies":[{"embeddable":true,"href":"https:\/\/grupodeenlace.cescyl.es\/index.php?rest_route=%2Fwp%2Fv2%2Fcomments&post=2349"}],"version-history":[{"count":1,"href":"https:\/\/grupodeenlace.cescyl.es\/index.php?rest_route=\/wp\/v2\/posts\/2349\/revisions"}],"predecessor-version":[{"id":2350,"href":"https:\/\/grupodeenlace.cescyl.es\/index.php?rest_route=\/wp\/v2\/posts\/2349\/revisions\/2350"}],"wp:attachment":[{"href":"https:\/\/grupodeenlace.cescyl.es\/index.php?rest_route=%2Fwp%2Fv2%2Fmedia&parent=2349"}],"wp:term":[{"taxonomy":"category","embeddable":true,"href":"https:\/\/grupodeenlace.cescyl.es\/index.php?rest_route=%2Fwp%2Fv2%2Fcategories&post=2349"},{"taxonomy":"post_tag","embeddable":true,"href":"https:\/\/grupodeenlace.cescyl.es\/index.php?rest_route=%2Fwp%2Fv2%2Ftags&post=2349"}],"curies":[{"name":"wp","href":"https:\/\/api.w.org\/{rel}","templated":true}]}}