{"id":2354,"date":"2024-07-22T09:04:42","date_gmt":"2024-07-22T07:04:42","guid":{"rendered":"https:\/\/grupodeenlace.cescyl.es\/?p=2354"},"modified":"2024-07-22T13:27:19","modified_gmt":"2024-07-22T11:27:19","slug":"subvenciones-para-empresas-de-insercion-2024","status":"publish","type":"post","link":"https:\/\/grupodeenlace.cescyl.es\/?p=2354","title":{"rendered":"Subvenciones para empresas de inserci\u00f3n (2024)"},"content":{"rendered":"\n<p><\/p>\n\n\n\n<p><strong>1.- Subvenciones destinadas a la inversi\u00f3n fija vinculada a la creaci\u00f3n de nuevos puestos de trabajo en empresas de inserci\u00f3n<\/strong><\/p>\n\n\n\n<p>Convocar subvenciones para el a\u00f1o 2024, mediante el procedimiento de concurrencia competitiva, destinadas a la financiaci\u00f3n parcial de la inversi\u00f3n fija realizada por las empresas de inserci\u00f3n, vinculada a la creaci\u00f3n de nuevos puestos de trabajo.<\/p>\n\n\n\n<ul class=\"wp-block-list\">\n<li><strong>Orden de 17 de julio de 2024, de la Consejer\u00eda de Industria, Comercio y Empleo:<\/strong><\/li>\n<\/ul>\n\n\n\n<p><a href=\"https:\/\/bocyl.jcyl.es\/html\/2024\/07\/19\/html\/BOCYL-D-19072024-34.do\">https:\/\/bocyl.jcyl.es\/html\/2024\/07\/19\/html\/BOCYL-D-19072024-34.do<\/a><\/p>\n\n\n\n<ul class=\"wp-block-list\">\n<li><strong>Tramitaci\u00f3n electr\u00f3nica:<\/strong><\/li>\n<\/ul>\n\n\n\n<p><a href=\"https:\/\/www.tramitacastillayleon.jcyl.es\/web\/jcyl\/AdministracionElectronica\/es\/Plantilla100Detalle\/1251181050732\/Ayuda012\/1285423148509\/Propuesta?utm_source=alertascontenidos&amp;utm_medium=mail&amp;utm_campaign=Ayuda\">https:\/\/www.tramitacastillayleon.jcyl.es\/web\/jcyl\/AdministracionElectronica\/es\/Plantilla100Detalle\/1251181050732\/Ayuda012\/1285423148509\/Propuesta?utm_source=alertascontenidos&amp;utm_medium=mail&amp;utm_campaign=Ayuda<\/a><\/p>\n\n\n\n<ul class=\"wp-block-list\">\n<li><strong>Plazo de solicitud:<\/strong><\/li>\n<\/ul>\n\n\n\n<p>Desde el 1 de agosto de 2024 hasta el 23 de septiembre de 2024<\/p>\n\n\n\n<p><strong>2.- Subvenciones por asistencia t\u00e9cnica en empresas de inserci\u00f3n (2024)<\/strong><\/p>\n\n\n\n<p>Convocar subvenciones para el a\u00f1o 2024, mediante el procedimiento de concurrencia competitiva, destinadas a la asistencia t\u00e9cnica en empresas de inserci\u00f3n.<\/p>\n\n\n\n<ul class=\"wp-block-list\">\n<li><strong>Orden de 17 de julio de 2024, de la Consejer\u00eda de Industria, Comercio y Empleo:<\/strong><\/li>\n<\/ul>\n\n\n\n<p><a href=\"https:\/\/bocyl.jcyl.es\/html\/2024\/07\/19\/html\/BOCYL-D-19072024-33.do\">https:\/\/bocyl.jcyl.es\/html\/2024\/07\/19\/html\/BOCYL-D-19072024-33.do<\/a><\/p>\n\n\n\n<ul class=\"wp-block-list\">\n<li><strong>Tramitaci\u00f3n electr\u00f3nica:<\/strong><\/li>\n<\/ul>\n\n\n\n<p><a href=\"https:\/\/www.tramitacastillayleon.jcyl.es\/web\/jcyl\/AdministracionElectronica\/es\/Plantilla100Detalle\/1251181050732\/Ayuda012\/1285423186623\/Propuesta?utm_source=alertascontenidos&amp;utm_medium=mail&amp;utm_campaign=Ayuda\">https:\/\/www.tramitacastillayleon.jcyl.es\/web\/jcyl\/AdministracionElectronica\/es\/Plantilla100Detalle\/1251181050732\/Ayuda012\/1285423186623\/Propuesta?utm_source=alertascontenidos&amp;utm_medium=mail&amp;utm_campaign=Ayuda<\/a><\/p>\n\n\n\n<ul class=\"wp-block-list\">\n<li><strong>Plazo de solicitud:<\/strong><\/li>\n<\/ul>\n\n\n\n<p>Desde el 1 de agosto de 2024 hasta el 23 de septiembre de 2024<\/p>\n\n\n\n<p><strong>3.- Subvenciones a la creaci\u00f3n y\/o mantenimiento de puestos de trabajo de personas en riesgo o situaci\u00f3n de exclusi\u00f3n social en empresas de inserci\u00f3n (2024)<\/strong><\/p>\n\n\n\n<p>Convocar subvenciones para el a\u00f1o 2024, mediante el procedimiento de concurrencia competitiva, para facilitar la contrataci\u00f3n y el mantenimiento en el empleo, por parte de las empresas de inserci\u00f3n, de personas en riesgo o situaci\u00f3n de exclusi\u00f3n social, a la vez que participan en un itinerario de inserci\u00f3n socio laboral.<\/p>\n\n\n\n<ul class=\"wp-block-list\">\n<li><strong>Orden de 17 de julio de 2024, de la Consejer\u00eda de Industria, Comercio y Empleo:<\/strong><\/li>\n<\/ul>\n\n\n\n<p><a href=\"https:\/\/bocyl.jcyl.es\/html\/2024\/07\/19\/html\/BOCYL-D-19072024-32.do\">https:\/\/bocyl.jcyl.es\/html\/2024\/07\/19\/html\/BOCYL-D-19072024-32.do<\/a><\/p>\n\n\n\n<ul class=\"wp-block-list\">\n<li><strong>Tramitaci\u00f3n electr\u00f3nica:<\/strong><\/li>\n<\/ul>\n\n\n\n<p><a href=\"https:\/\/www.tramitacastillayleon.jcyl.es\/web\/jcyl\/AdministracionElectronica\/es\/Plantilla100Detalle\/1251181050732\/Ayuda012\/1285423264427\/Propuesta?utm_source=alertascontenidos&amp;utm_medium=mail&amp;utm_campaign=Ayuda\">https:\/\/www.tramitacastillayleon.jcyl.es\/web\/jcyl\/AdministracionElectronica\/es\/Plantilla100Detalle\/1251181050732\/Ayuda012\/1285423264427\/Propuesta?utm_source=alertascontenidos&amp;utm_medium=mail&amp;utm_campaign=Ayuda<\/a><\/p>\n\n\n\n<ul class=\"wp-block-list\">\n<li><strong>Plazo de solicitud:<\/strong><\/li>\n<\/ul>\n\n\n\n<p>Desde el 1 de agosto de 2024 hasta el 23 de septiembre de 2024<\/p>\n\n\n\n<p><\/p>\n","protected":false},"excerpt":{"rendered":"<p>1.- Subvenciones destinadas a la inversi\u00f3n fija vinculada a la creaci\u00f3n de nuevos puestos de trabajo en empresas de inserci\u00f3n Convocar subvenciones para el a\u00f1o 2024, mediante el procedimiento de concurrencia competitiva, destinadas a la financiaci\u00f3n parcial de la inversi\u00f3n fija realizada por las empresas de inserci\u00f3n, vinculada a la creaci\u00f3n de nuevos puestos de &hellip; <a href=\"https:\/\/grupodeenlace.cescyl.es\/?p=2354\" class=\"more-link\">Continuar leyendo<span class=\"screen-reader-text\"> &#8220;Subvenciones para empresas de inserci\u00f3n (2024)&#8221;<\/span><\/a><\/p>\n","protected":false},"author":2,"featured_media":0,"comment_status":"closed","ping_status":"closed","sticky":false,"template":"","format":"standard","meta":{"_s2mail":"","footnotes":""},"categories":[5],"tags":[],"class_list":["post-2354","post","type-post","status-publish","format-standard","hentry","category-instrumentos-de-apoyo"],"_links":{"self":[{"href":"https:\/\/grupodeenlace.cescyl.es\/index.php?rest_route=\/wp\/v2\/posts\/2354","targetHints":{"allow":["GET"]}}],"collection":[{"href":"https:\/\/grupodeenlace.cescyl.es\/index.php?rest_route=\/wp\/v2\/posts"}],"about":[{"href":"https:\/\/grupodeenlace.cescyl.es\/index.php?rest_route=\/wp\/v2\/types\/post"}],"author":[{"embeddable":true,"href":"https:\/\/grupodeenlace.cescyl.es\/index.php?rest_route=\/wp\/v2\/users\/2"}],"replies":[{"embeddable":true,"href":"https:\/\/grupodeenlace.cescyl.es\/index.php?rest_route=%2Fwp%2Fv2%2Fcomments&post=2354"}],"version-history":[{"count":1,"href":"https:\/\/grupodeenlace.cescyl.es\/index.php?rest_route=\/wp\/v2\/posts\/2354\/revisions"}],"predecessor-version":[{"id":2355,"href":"https:\/\/grupodeenlace.cescyl.es\/index.php?rest_route=\/wp\/v2\/posts\/2354\/revisions\/2355"}],"wp:attachment":[{"href":"https:\/\/grupodeenlace.cescyl.es\/index.php?rest_route=%2Fwp%2Fv2%2Fmedia&parent=2354"}],"wp:term":[{"taxonomy":"category","embeddable":true,"href":"https:\/\/grupodeenlace.cescyl.es\/index.php?rest_route=%2Fwp%2Fv2%2Fcategories&post=2354"},{"taxonomy":"post_tag","embeddable":true,"href":"https:\/\/grupodeenlace.cescyl.es\/index.php?rest_route=%2Fwp%2Fv2%2Ftags&post=2354"}],"curies":[{"name":"wp","href":"https:\/\/api.w.org\/{rel}","templated":true}]}}