{"id":2361,"date":"2024-07-22T10:58:56","date_gmt":"2024-07-22T08:58:56","guid":{"rendered":"https:\/\/grupodeenlace.cescyl.es\/?p=2361"},"modified":"2024-07-22T13:28:17","modified_gmt":"2024-07-22T11:28:17","slug":"modificaciones-de-la-estructura-organica-y-las-competencias-de-la-consejeria-de-la-presidencia-y-de-la-vicepresidencia-de-la-junta-de-castilla-y-leon","status":"publish","type":"post","link":"https:\/\/grupodeenlace.cescyl.es\/?p=2361","title":{"rendered":"Modificaciones de la estructura org\u00e1nica y las competencias de la Consejer\u00eda de la Presidencia y de la Vicepresidencia de la Junta de Castilla y Le\u00f3n"},"content":{"rendered":"\n<p><\/p>\n\n\n\n<ol class=\"wp-block-list\">\n<li><strong><u>Consejer\u00eda de la Presidencia de la Junta de Castilla y Le\u00f3n<\/u><\/strong><\/li>\n<\/ol>\n\n\n\n<p>Se unifican en un mismo departamento las competencias materiales que resultan conexas con las que tiene atribuidas la Consejer\u00eda de la Presidencia relacionadas con: la coordinaci\u00f3n de la atenci\u00f3n a v\u00edctimas del terrorismo y sus entidades asociativas, el ejercicio de las facultades atribuidas a la Administraci\u00f3n de la Comunidad en materia de Colegios Profesionales, Fundaciones y Asociaciones, la<\/p>\n\n\n\n<p>coordinaci\u00f3n de las relaciones de la Administraci\u00f3n de la Comunidad de Castilla y Le\u00f3n con el Consejo Consultivo de Castilla y Le\u00f3n, con el Procurador del Com\u00fan y el Defensor del Pueblo, y la coordinaci\u00f3n de las medidas de racionalizaci\u00f3n y simplificaci\u00f3n de los<\/p>\n\n\n\n<p>procedimientos administrativos.<\/p>\n\n\n\n<ul class=\"wp-block-list\">\n<li><strong>Decreto 1\/2024, de 15 de julio, del Presidente de la Junta de Castilla y Le\u00f3n<\/strong><\/li>\n<\/ul>\n\n\n\n<p><a href=\"https:\/\/bocyl.jcyl.es\/boletines\/2024\/07\/16\/pdf\/BOCYL-D-16072024-1.pdf\">https:\/\/bocyl.jcyl.es\/boletines\/2024\/07\/16\/pdf\/BOCYL-D-16072024-1.pdf<\/a><\/p>\n\n\n\n<p>Adem\u00e1s, se establece la nueva estructura org\u00e1nica de la Consejer\u00eda de la Presidencia.<\/p>\n\n\n\n<ul class=\"wp-block-list\">\n<li><strong>Decreto 14\/2024, de 18 de julio<\/strong><\/li>\n<\/ul>\n\n\n\n<p><a href=\"https:\/\/bocyl.jcyl.es\/boletines\/2024\/07\/19\/pdf\/BOCYL-D-19072024-2.pdf\">https:\/\/bocyl.jcyl.es\/boletines\/2024\/07\/19\/pdf\/BOCYL-D-19072024-2.pdf<\/a><\/p>\n\n\n\n<ul class=\"wp-block-list\">\n<li><strong><u>Vicepresidencia de la Junta de Castilla y Le\u00f3n<\/u><\/strong><\/li>\n<\/ul>\n\n\n\n<p>Se atribuyen determinadas funciones a la Vicepresidenta de la Junta de Castilla y Le\u00f3n relativas a:<\/p>\n\n\n\n<p>a) La representaci\u00f3n de la Comunidad de Castilla y Le\u00f3n en sustituci\u00f3n de su Presidente.<\/p>\n\n\n\n<p>b) La Presidencia de la Comisi\u00f3n Delegada del Gobierno.<\/p>\n\n\n\n<p>c) La representaci\u00f3n de la Comunidad de Castilla y Le\u00f3n en el Comit\u00e9 de las Regiones en ausencia del Presidente.<\/p>\n\n\n\n<p>d) La representaci\u00f3n de la Junta de Castilla y Le\u00f3n en la Fundaci\u00f3n Castilla y Le\u00f3n.<\/p>\n\n\n\n<ul class=\"wp-block-list\">\n<li><strong>Decreto 2\/2024, de 15 de julio, del Presidente de la Junta de Castilla y Le\u00f3n<\/strong><\/li>\n<\/ul>\n\n\n\n<p><a href=\"https:\/\/bocyl.jcyl.es\/boletines\/2024\/07\/16\/pdf\/BOCYL-D-16072024-2.pdf\">https:\/\/bocyl.jcyl.es\/boletines\/2024\/07\/16\/pdf\/BOCYL-D-16072024-2.pdf<\/a><\/p>\n\n\n\n<p><\/p>\n","protected":false},"excerpt":{"rendered":"<p>Se unifican en un mismo departamento las competencias materiales que resultan conexas con las que tiene atribuidas la Consejer\u00eda de la Presidencia relacionadas con: la coordinaci\u00f3n de la atenci\u00f3n a v\u00edctimas del terrorismo y sus entidades asociativas, el ejercicio de las facultades atribuidas a la Administraci\u00f3n de la Comunidad en materia de Colegios Profesionales, Fundaciones &hellip; <a href=\"https:\/\/grupodeenlace.cescyl.es\/?p=2361\" class=\"more-link\">Continuar leyendo<span class=\"screen-reader-text\"> &#8220;Modificaciones de la estructura org\u00e1nica y las competencias de la Consejer\u00eda de la Presidencia y de la Vicepresidencia de la Junta de Castilla y Le\u00f3n&#8221;<\/span><\/a><\/p>\n","protected":false},"author":2,"featured_media":0,"comment_status":"closed","ping_status":"closed","sticky":false,"template":"","format":"standard","meta":{"_s2mail":"yes","footnotes":""},"categories":[2],"tags":[],"class_list":["post-2361","post","type-post","status-publish","format-standard","hentry","category-normativa"],"_links":{"self":[{"href":"https:\/\/grupodeenlace.cescyl.es\/index.php?rest_route=\/wp\/v2\/posts\/2361","targetHints":{"allow":["GET"]}}],"collection":[{"href":"https:\/\/grupodeenlace.cescyl.es\/index.php?rest_route=\/wp\/v2\/posts"}],"about":[{"href":"https:\/\/grupodeenlace.cescyl.es\/index.php?rest_route=\/wp\/v2\/types\/post"}],"author":[{"embeddable":true,"href":"https:\/\/grupodeenlace.cescyl.es\/index.php?rest_route=\/wp\/v2\/users\/2"}],"replies":[{"embeddable":true,"href":"https:\/\/grupodeenlace.cescyl.es\/index.php?rest_route=%2Fwp%2Fv2%2Fcomments&post=2361"}],"version-history":[{"count":1,"href":"https:\/\/grupodeenlace.cescyl.es\/index.php?rest_route=\/wp\/v2\/posts\/2361\/revisions"}],"predecessor-version":[{"id":2362,"href":"https:\/\/grupodeenlace.cescyl.es\/index.php?rest_route=\/wp\/v2\/posts\/2361\/revisions\/2362"}],"wp:attachment":[{"href":"https:\/\/grupodeenlace.cescyl.es\/index.php?rest_route=%2Fwp%2Fv2%2Fmedia&parent=2361"}],"wp:term":[{"taxonomy":"category","embeddable":true,"href":"https:\/\/grupodeenlace.cescyl.es\/index.php?rest_route=%2Fwp%2Fv2%2Fcategories&post=2361"},{"taxonomy":"post_tag","embeddable":true,"href":"https:\/\/grupodeenlace.cescyl.es\/index.php?rest_route=%2Fwp%2Fv2%2Ftags&post=2361"}],"curies":[{"name":"wp","href":"https:\/\/api.w.org\/{rel}","templated":true}]}}