{"id":2364,"date":"2024-07-24T14:25:24","date_gmt":"2024-07-24T12:25:24","guid":{"rendered":"https:\/\/grupodeenlace.cescyl.es\/?p=2364"},"modified":"2024-07-24T14:25:24","modified_gmt":"2024-07-24T12:25:24","slug":"creacion-de-los-organos-de-coordinacion-seguimiento-y-participacion-del-ii-plan-nacional-de-derechos-humanos-2023-2027","status":"publish","type":"post","link":"https:\/\/grupodeenlace.cescyl.es\/?p=2364","title":{"rendered":"Creaci\u00f3n de los \u00f3rganos de coordinaci\u00f3n, seguimiento y participaci\u00f3n del II Plan Nacional de Derechos Humanos (2023-2027)"},"content":{"rendered":"\n<p><\/p>\n\n\n\n<p>El BOE de 24 de julio de 2024 ha publicado el Real Decreto por el que se crean y regulan los \u00f3rganos de coordinaci\u00f3n, seguimiento y participaci\u00f3n del II Plan Nacional de Derechos Humanos (2023-2027).<\/p>\n\n\n\n<p>Con la finalidad de garantizar la coordinaci\u00f3n, el seguimiento y la evaluaci\u00f3n del II Plan Nacional de Derechos Humanos (2023-2027), y seguir dando voz a todas aquellas instituciones y organizaciones que han estado implicadas en su elaboraci\u00f3n, se han creado un Comit\u00e9 de direcci\u00f3n y una Comisi\u00f3n interministerial de seguimiento. Ambos \u00f3rganos se adscriben al Ministerio de la Presidencia, Justicia y Relaciones con las Cortes a trav\u00e9s de la Secretar\u00eda de Estado de Relaciones con las Cortes y Asuntos Constitucionales.<\/p>\n\n\n\n<p>El Comit\u00e9 de Direcci\u00f3n ser\u00e1 un \u00f3rgano institucional de participaci\u00f3n administrativa y de representaci\u00f3n de la sociedad civil, con funciones de propuesta y supervisi\u00f3n del cumplimiento del II Plan de Nacional de Derechos Humanos. Este \u00f3rgano contar\u00e1 con un total de 53 vocal\u00edas, ocupadas por cada uno de los departamentos ministeriales, las comunidades aut\u00f3nomas, las ciudades de Ceuta y Melilla y la Federaci\u00f3n Espa\u00f1ola de Municipios y Provincias.<\/p>\n\n\n\n<p>Adem\u00e1s, contar\u00e1n con vocal\u00edas las principales plataformas, consejos de participaci\u00f3n y organizaciones no gubernamentales de \u00e1mbito estatal que trabajan en la defensa y promoci\u00f3n de los derechos humanos, los institutos universitarios de derechos humanos, las organizaciones sindicales y empresariales de \u00e1mbito estatal m\u00e1s representativas y algunas personas expertas de reconocido prestigio en el \u00e1mbito de los derechos humanos.<\/p>\n\n\n\n<p>Por otra parte, la Comisi\u00f3n interministerial ser\u00e1 el \u00f3rgano de coordinaci\u00f3n interministerial de car\u00e1cter administrativo, encargado de seguir el desarrollo del II Plan y garantizar su comunicaci\u00f3n y difusi\u00f3n, y estar\u00e1 integrada por 22 vocales, designados por sus respectivos ministerios.<\/p>\n\n\n\n<ul class=\"wp-block-list\">\n<li><strong>Real Decreto 709\/2024, de 23 de julio<\/strong><\/li>\n<\/ul>\n\n\n\n<p><a href=\"https:\/\/www.boe.es\/boe\/dias\/2024\/07\/24\/pdfs\/BOE-A-2024-15203.pdf\">https:\/\/www.boe.es\/boe\/dias\/2024\/07\/24\/pdfs\/BOE-A-2024-15203.pdf<\/a><\/p>\n","protected":false},"excerpt":{"rendered":"<p>El BOE de 24 de julio de 2024 ha publicado el Real Decreto por el que se crean y regulan los \u00f3rganos de coordinaci\u00f3n, seguimiento y participaci\u00f3n del II Plan Nacional de Derechos Humanos (2023-2027). Con la finalidad de garantizar la coordinaci\u00f3n, el seguimiento y la evaluaci\u00f3n del II Plan Nacional de Derechos Humanos (2023-2027), &hellip; <a href=\"https:\/\/grupodeenlace.cescyl.es\/?p=2364\" class=\"more-link\">Continuar leyendo<span class=\"screen-reader-text\"> &#8220;Creaci\u00f3n de los \u00f3rganos de coordinaci\u00f3n, seguimiento y participaci\u00f3n del II Plan Nacional de Derechos Humanos (2023-2027)&#8221;<\/span><\/a><\/p>\n","protected":false},"author":2,"featured_media":0,"comment_status":"closed","ping_status":"closed","sticky":false,"template":"","format":"standard","meta":{"_s2mail":"","footnotes":""},"categories":[2],"tags":[],"class_list":["post-2364","post","type-post","status-publish","format-standard","hentry","category-normativa"],"_links":{"self":[{"href":"https:\/\/grupodeenlace.cescyl.es\/index.php?rest_route=\/wp\/v2\/posts\/2364","targetHints":{"allow":["GET"]}}],"collection":[{"href":"https:\/\/grupodeenlace.cescyl.es\/index.php?rest_route=\/wp\/v2\/posts"}],"about":[{"href":"https:\/\/grupodeenlace.cescyl.es\/index.php?rest_route=\/wp\/v2\/types\/post"}],"author":[{"embeddable":true,"href":"https:\/\/grupodeenlace.cescyl.es\/index.php?rest_route=\/wp\/v2\/users\/2"}],"replies":[{"embeddable":true,"href":"https:\/\/grupodeenlace.cescyl.es\/index.php?rest_route=%2Fwp%2Fv2%2Fcomments&post=2364"}],"version-history":[{"count":1,"href":"https:\/\/grupodeenlace.cescyl.es\/index.php?rest_route=\/wp\/v2\/posts\/2364\/revisions"}],"predecessor-version":[{"id":2365,"href":"https:\/\/grupodeenlace.cescyl.es\/index.php?rest_route=\/wp\/v2\/posts\/2364\/revisions\/2365"}],"wp:attachment":[{"href":"https:\/\/grupodeenlace.cescyl.es\/index.php?rest_route=%2Fwp%2Fv2%2Fmedia&parent=2364"}],"wp:term":[{"taxonomy":"category","embeddable":true,"href":"https:\/\/grupodeenlace.cescyl.es\/index.php?rest_route=%2Fwp%2Fv2%2Fcategories&post=2364"},{"taxonomy":"post_tag","embeddable":true,"href":"https:\/\/grupodeenlace.cescyl.es\/index.php?rest_route=%2Fwp%2Fv2%2Ftags&post=2364"}],"curies":[{"name":"wp","href":"https:\/\/api.w.org\/{rel}","templated":true}]}}