{"id":2380,"date":"2024-09-04T08:09:10","date_gmt":"2024-09-04T06:09:10","guid":{"rendered":"https:\/\/grupodeenlace.cescyl.es\/?p=2380"},"modified":"2024-09-04T08:09:10","modified_gmt":"2024-09-04T06:09:10","slug":"boletin-informativo-de-la-asociacion-de-ayuda-a-la-mujer-plaza-mayor-julio-agosto-2024","status":"publish","type":"post","link":"https:\/\/grupodeenlace.cescyl.es\/?p=2380","title":{"rendered":"Bolet\u00edn informativo de la Asociaci\u00f3n de ayuda a la mujer Plaza Mayor (julio-agosto 2024)"},"content":{"rendered":"\n<p><\/p>\n\n\n\n<p>La Asociaci\u00f3n de ayuda a la mujer Plaza Mayor publica un Bolet\u00edn informativo sobre las actuaciones de la asociaci\u00f3n y noticias relacionadas con la sensibilizaci\u00f3n en igualdad y la prevenci\u00f3n de la violencia de g\u00e9nero.<\/p>\n\n\n\n<ul class=\"wp-block-list\">\n<li><strong>Suscripci\u00f3n:<\/strong> <a href=\"https:\/\/asociacionplazamayor.us20.list-manage.com\/subscribe?u=856d31da910b1629fe7ca24f5&amp;id=606b4537a6\">https:\/\/asociacionplazamayor.us20.list-manage.com\/subscribe?u=856d31da910b1629fe7ca24f5&amp;id=606b4537a6<\/a><\/li>\n<\/ul>\n\n\n\n<ul class=\"wp-block-list\">\n<li><strong>Bolet\u00edn:<\/strong> <a href=\"https:\/\/mailchi.mp\/5725b57507b7\/boletn-marzo-abril-asociacin-de-ayuda-a-la-mujer-asociacin-plaza-mayor-17764420?e=daacf36094\">https:\/\/mailchi.mp\/5725b57507b7\/boletn-marzo-abril-asociacin-de-ayuda-a-la-mujer-asociacin-plaza-mayor-17764420?e=daacf36094<\/a><\/li>\n<\/ul>\n\n\n\n<p><\/p>\n\n\n\n<figure class=\"wp-block-image size-full\"><img loading=\"lazy\" decoding=\"async\" width=\"869\" height=\"355\" src=\"https:\/\/grupodeenlace.cescyl.es\/wp-content\/uploads\/2024\/09\/image-1.png\" alt=\"\" class=\"wp-image-2381\" srcset=\"https:\/\/grupodeenlace.cescyl.es\/wp-content\/uploads\/2024\/09\/image-1.png 869w, https:\/\/grupodeenlace.cescyl.es\/wp-content\/uploads\/2024\/09\/image-1-300x123.png 300w, https:\/\/grupodeenlace.cescyl.es\/wp-content\/uploads\/2024\/09\/image-1-768x314.png 768w\" sizes=\"auto, (max-width: 709px) 85vw, (max-width: 909px) 67vw, (max-width: 1362px) 62vw, 840px\" \/><\/figure>\n","protected":false},"excerpt":{"rendered":"<p>La Asociaci\u00f3n de ayuda a la mujer Plaza Mayor publica un Bolet\u00edn informativo sobre las actuaciones de la asociaci\u00f3n y noticias relacionadas con la sensibilizaci\u00f3n en igualdad y la prevenci\u00f3n de la violencia de g\u00e9nero.<\/p>\n","protected":false},"author":2,"featured_media":0,"comment_status":"closed","ping_status":"closed","sticky":false,"template":"","format":"standard","meta":{"_s2mail":"","footnotes":""},"categories":[10],"tags":[],"class_list":["post-2380","post","type-post","status-publish","format-standard","hentry","category-noticias-de-los-miembros-del-grupo"],"_links":{"self":[{"href":"https:\/\/grupodeenlace.cescyl.es\/index.php?rest_route=\/wp\/v2\/posts\/2380","targetHints":{"allow":["GET"]}}],"collection":[{"href":"https:\/\/grupodeenlace.cescyl.es\/index.php?rest_route=\/wp\/v2\/posts"}],"about":[{"href":"https:\/\/grupodeenlace.cescyl.es\/index.php?rest_route=\/wp\/v2\/types\/post"}],"author":[{"embeddable":true,"href":"https:\/\/grupodeenlace.cescyl.es\/index.php?rest_route=\/wp\/v2\/users\/2"}],"replies":[{"embeddable":true,"href":"https:\/\/grupodeenlace.cescyl.es\/index.php?rest_route=%2Fwp%2Fv2%2Fcomments&post=2380"}],"version-history":[{"count":1,"href":"https:\/\/grupodeenlace.cescyl.es\/index.php?rest_route=\/wp\/v2\/posts\/2380\/revisions"}],"predecessor-version":[{"id":2382,"href":"https:\/\/grupodeenlace.cescyl.es\/index.php?rest_route=\/wp\/v2\/posts\/2380\/revisions\/2382"}],"wp:attachment":[{"href":"https:\/\/grupodeenlace.cescyl.es\/index.php?rest_route=%2Fwp%2Fv2%2Fmedia&parent=2380"}],"wp:term":[{"taxonomy":"category","embeddable":true,"href":"https:\/\/grupodeenlace.cescyl.es\/index.php?rest_route=%2Fwp%2Fv2%2Fcategories&post=2380"},{"taxonomy":"post_tag","embeddable":true,"href":"https:\/\/grupodeenlace.cescyl.es\/index.php?rest_route=%2Fwp%2Fv2%2Ftags&post=2380"}],"curies":[{"name":"wp","href":"https:\/\/api.w.org\/{rel}","templated":true}]}}