{"id":2385,"date":"2024-09-20T11:52:16","date_gmt":"2024-09-20T09:52:16","guid":{"rendered":"https:\/\/grupodeenlace.cescyl.es\/?p=2385"},"modified":"2024-09-20T11:52:16","modified_gmt":"2024-09-20T09:52:16","slug":"empresas-empleo-rural-seleccionado-a-mejor-proyecto-de-cooperacion-leader-europeo","status":"publish","type":"post","link":"https:\/\/grupodeenlace.cescyl.es\/?p=2385","title":{"rendered":"+Empresas +Empleo +Rural seleccionado a mejor proyecto de cooperaci\u00f3n LEADER europeo"},"content":{"rendered":"\n<p><\/p>\n\n\n\n<ul class=\"wp-block-list\">\n<li>La Asociaci\u00f3n Europea LEADER para el desarrollo rural (ELARD) celebrar\u00e1 la entrega de sus premios de cooperaci\u00f3n en su congreso del mes de octubre. \u00a0\u00a0\u00a0\u00a0\u00a0\u00a0\u00a0\u00a0\u00a0\u00a0\u00a0<\/li>\n\n\n\n<li>Uno de los premios lo otorga el p\u00fablico a trav\u00e9s de una votaci\u00f3n popular abierta hasta el 23 de septiembre. \u00a0\u00a0\u00a0\u00a0\u00a0\u00a0\u00a0\u00a0\u00a0\u00a0\u00a0\u00a0\u00a0\u00a0<\/li>\n\n\n\n<li>Solo se puede votar una vez y el \u00faltimo d\u00eda para votar es el lunes 23 de septiembre a las 9:00h. El proyecto con m\u00e1s votos recibir\u00e1 el \u2018People\u2019s Choice Award\u2019.<\/li>\n<\/ul>\n\n\n\n<p>+Empresas +Empleo +Rural es el proyecto n\u00ba20 en el listado de la votaci\u00f3n popular y al que se puede acceder y votar a trav\u00e9s del siguiente enlace:<\/p>\n\n\n\n<p><a href=\"https:\/\/docs.google.com\/forms\/d\/e\/1FAIpQLSeZhYlrxpFRxHpodZzcZewsG_7Q7qx2lMb9yKioJyEqHT7Xgw\/viewform\">https:\/\/docs.google.com\/forms\/d\/e\/1FAIpQLSeZhYlrxpFRxHpodZzcZewsG_7Q7qx2lMb9yKioJyEqHT7Xgw\/viewform<\/a><\/p>\n\n\n\n<p><strong>M\u00e1s informaci\u00f3n<\/strong>: <a href=\"https:\/\/pueblosycomarcas.com\/empresas-empleo-rural-seleccionado-a-mejor-proyecto-de-cooperacion-leader-europeo\/\">https:\/\/pueblosycomarcas.com\/empresas-empleo-rural-seleccionado-a-mejor-proyecto-de-cooperacion-leader-europeo\/<\/a><\/p>\n\n\n\n<p><\/p>\n\n\n\n<figure class=\"wp-block-image size-full\"><img loading=\"lazy\" decoding=\"async\" width=\"744\" height=\"480\" src=\"https:\/\/grupodeenlace.cescyl.es\/wp-content\/uploads\/2024\/09\/image-2.png\" alt=\"\" class=\"wp-image-2386\" srcset=\"https:\/\/grupodeenlace.cescyl.es\/wp-content\/uploads\/2024\/09\/image-2.png 744w, https:\/\/grupodeenlace.cescyl.es\/wp-content\/uploads\/2024\/09\/image-2-300x194.png 300w\" sizes=\"auto, (max-width: 709px) 85vw, (max-width: 909px) 67vw, (max-width: 984px) 61vw, (max-width: 1362px) 45vw, 600px\" \/><\/figure>\n\n\n\n<p><\/p>\n","protected":false},"excerpt":{"rendered":"<p>+Empresas +Empleo +Rural es el proyecto n\u00ba20 en el listado de la votaci\u00f3n popular y al que se puede acceder y votar a trav\u00e9s del siguiente enlace: https:\/\/docs.google.com\/forms\/d\/e\/1FAIpQLSeZhYlrxpFRxHpodZzcZewsG_7Q7qx2lMb9yKioJyEqHT7Xgw\/viewform M\u00e1s informaci\u00f3n: https:\/\/pueblosycomarcas.com\/empresas-empleo-rural-seleccionado-a-mejor-proyecto-de-cooperacion-leader-europeo\/<\/p>\n","protected":false},"author":2,"featured_media":0,"comment_status":"closed","ping_status":"closed","sticky":false,"template":"","format":"standard","meta":{"_s2mail":"yes","footnotes":""},"categories":[10],"tags":[],"class_list":["post-2385","post","type-post","status-publish","format-standard","hentry","category-noticias-de-los-miembros-del-grupo"],"_links":{"self":[{"href":"https:\/\/grupodeenlace.cescyl.es\/index.php?rest_route=\/wp\/v2\/posts\/2385","targetHints":{"allow":["GET"]}}],"collection":[{"href":"https:\/\/grupodeenlace.cescyl.es\/index.php?rest_route=\/wp\/v2\/posts"}],"about":[{"href":"https:\/\/grupodeenlace.cescyl.es\/index.php?rest_route=\/wp\/v2\/types\/post"}],"author":[{"embeddable":true,"href":"https:\/\/grupodeenlace.cescyl.es\/index.php?rest_route=\/wp\/v2\/users\/2"}],"replies":[{"embeddable":true,"href":"https:\/\/grupodeenlace.cescyl.es\/index.php?rest_route=%2Fwp%2Fv2%2Fcomments&post=2385"}],"version-history":[{"count":1,"href":"https:\/\/grupodeenlace.cescyl.es\/index.php?rest_route=\/wp\/v2\/posts\/2385\/revisions"}],"predecessor-version":[{"id":2387,"href":"https:\/\/grupodeenlace.cescyl.es\/index.php?rest_route=\/wp\/v2\/posts\/2385\/revisions\/2387"}],"wp:attachment":[{"href":"https:\/\/grupodeenlace.cescyl.es\/index.php?rest_route=%2Fwp%2Fv2%2Fmedia&parent=2385"}],"wp:term":[{"taxonomy":"category","embeddable":true,"href":"https:\/\/grupodeenlace.cescyl.es\/index.php?rest_route=%2Fwp%2Fv2%2Fcategories&post=2385"},{"taxonomy":"post_tag","embeddable":true,"href":"https:\/\/grupodeenlace.cescyl.es\/index.php?rest_route=%2Fwp%2Fv2%2Ftags&post=2385"}],"curies":[{"name":"wp","href":"https:\/\/api.w.org\/{rel}","templated":true}]}}